{"id":6001,"date":"2023-05-11T08:14:20","date_gmt":"2023-05-11T06:14:20","guid":{"rendered":"https:\/\/agora.xtec.cat\/iesdelvoltreganes\/?p=6001"},"modified":"2023-05-11T08:14:20","modified_gmt":"2023-05-11T06:14:20","slug":"arrenca-el-club-de-lectura","status":"publish","type":"post","link":"https:\/\/agora.xtec.cat\/iesdelvoltreganes\/general\/arrenca-el-club-de-lectura\/","title":{"rendered":"Arrenca el Club de Lectura!"},"content":{"rendered":"<p><a href=\"https:\/\/agora.xtec.cat\/iesdelvoltreganes\/wp-content\/uploads\/usu618\/2023\/05\/F69C06F9-01A5-4B1C-844E-C6F81FABD23B.jpeg\"><img loading=\"lazy\" decoding=\"async\" class=\"size-medium wp-image-6003 aligncenter\" src=\"https:\/\/agora.xtec.cat\/iesdelvoltreganes\/wp-content\/uploads\/usu618\/2023\/05\/F69C06F9-01A5-4B1C-844E-C6F81FABD23B-300x225.jpeg\" alt=\"\" width=\"300\" height=\"225\" srcset=\"https:\/\/agora.xtec.cat\/iesdelvoltreganes\/wp-content\/uploads\/usu618\/2023\/05\/F69C06F9-01A5-4B1C-844E-C6F81FABD23B-300x225.jpeg 300w, https:\/\/agora.xtec.cat\/iesdelvoltreganes\/wp-content\/uploads\/usu618\/2023\/05\/F69C06F9-01A5-4B1C-844E-C6F81FABD23B-768x576.jpeg 768w, https:\/\/agora.xtec.cat\/iesdelvoltreganes\/wp-content\/uploads\/usu618\/2023\/05\/F69C06F9-01A5-4B1C-844E-C6F81FABD23B-200x150.jpeg 200w, https:\/\/agora.xtec.cat\/iesdelvoltreganes\/wp-content\/uploads\/usu618\/2023\/05\/F69C06F9-01A5-4B1C-844E-C6F81FABD23B.jpeg 1008w\" sizes=\"auto, (max-width: 300px) 100vw, 300px\" \/><\/a><br \/>\nDes de la Comissi\u00f3 de Biblioteca i amb la col\u00b7laboraci\u00f3 de la Biblioteca Marqu\u00e8s de Remisa, s\u2019ha engegat un club de lectura de c\u00f2mic obert tant a l\u2019alumnat com al professorat del centre.<\/p>\n<p>L\u2019experiment va comen\u00e7ar l\u2019abril amb <em>Ha muerto un hombre<\/em>, una novel\u00b7la gr\u00e0fica d\u2019\u00c9tienne Davodeau sobre els enfrontaments entre obrers i policia durant la reconstrucci\u00f3 de la ciutat francesa de Brest als anys cinquanta.<\/p>\n<p>El maig ens vam topar amb <em>El Bibendum Celeste<\/em> de Nicolas de Cr\u00e9cy, un deliri en vinyetes sobre una foca que, empesa per l\u2019elit pedag\u00f2gico-municipal de Nova York del Duero, optar\u00e0 al Premi Nobel de l\u2019Amor (?). Per tancar el curs, el 5 de juny ens tocar\u00e0 tastar una de les obres m\u00e9s emblem\u00e0tiques de David Mazzucchelli: <em>Asterios Polyp<\/em>.<\/p>\n<p><a href=\"https:\/\/agora.xtec.cat\/iesdelvoltreganes\/wp-content\/uploads\/usu618\/2023\/05\/CARTELL_CLUBDELECTURA.jpg\"><img loading=\"lazy\" decoding=\"async\" class=\"size-medium wp-image-6002 aligncenter\" src=\"https:\/\/agora.xtec.cat\/iesdelvoltreganes\/wp-content\/uploads\/usu618\/2023\/05\/CARTELL_CLUBDELECTURA-212x300.jpg\" alt=\"\" width=\"212\" height=\"300\" srcset=\"https:\/\/agora.xtec.cat\/iesdelvoltreganes\/wp-content\/uploads\/usu618\/2023\/05\/CARTELL_CLUBDELECTURA-212x300.jpg 212w, https:\/\/agora.xtec.cat\/iesdelvoltreganes\/wp-content\/uploads\/usu618\/2023\/05\/CARTELL_CLUBDELECTURA-724x1024.jpg 724w, https:\/\/agora.xtec.cat\/iesdelvoltreganes\/wp-content\/uploads\/usu618\/2023\/05\/CARTELL_CLUBDELECTURA-768x1086.jpg 768w, https:\/\/agora.xtec.cat\/iesdelvoltreganes\/wp-content\/uploads\/usu618\/2023\/05\/CARTELL_CLUBDELECTURA-1086x1536.jpg 1086w, https:\/\/agora.xtec.cat\/iesdelvoltreganes\/wp-content\/uploads\/usu618\/2023\/05\/CARTELL_CLUBDELECTURA.jpg 1191w\" sizes=\"auto, (max-width: 212px) 100vw, 212px\" \/><\/a><\/p>\n","protected":false},"excerpt":{"rendered":"<p><a href=\"https:\/\/agora.xtec.cat\/iesdelvoltreganes\/wp-content\/uploads\/usu618\/2023\/05\/F69C06F9-01A5-4B1C-844E-C6F81FABD23B.jpeg\"><\/a><br \/>\nDes de la Comissi\u00f3 de Biblioteca i amb la col\u00b7laboraci\u00f3 de la Biblioteca Marqu\u00e8s de Remisa, s\u2019ha engegat un club de lectura de c\u00f2mic obert tant a l\u2019alumnat com al professorat del centre.<br \/>\nL\u2019experiment va comen\u00e7ar l\u2019abril amb Ha muerto un hombre, una novel\u00b7la gr\u00e0fica&hellip;  <a href=\"https:\/\/agora.xtec.cat\/iesdelvoltreganes\/general\/arrenca-el-club-de-lectura\/\" title=\"Read Arrenca el Club de Lectura!\">Llegeix m\u00e9s\u00bb<\/a><\/p>\n","protected":false},"author":6,"featured_media":0,"comment_status":"closed","ping_status":"closed","sticky":false,"template":"","format":"standard","meta":{"_bbp_topic_count":0,"_bbp_reply_count":0,"_bbp_total_topic_count":0,"_bbp_total_reply_count":0,"_bbp_voice_count":0,"_bbp_anonymous_reply_count":0,"_bbp_topic_count_hidden":0,"_bbp_reply_count_hidden":0,"_bbp_forum_subforum_count":0,"footnotes":""},"categories":[81,1,29],"tags":[82],"class_list":["post-6001","post","type-post","status-publish","format-standard","hentry","category-llibres-recomanats","category-general","category-portada","tag-llibres"],"post_mailing_queue_ids":[],"_links":{"self":[{"href":"https:\/\/agora.xtec.cat\/iesdelvoltreganes\/wp-json\/wp\/v2\/posts\/6001","targetHints":{"allow":["GET"]}}],"collection":[{"href":"https:\/\/agora.xtec.cat\/iesdelvoltreganes\/wp-json\/wp\/v2\/posts"}],"about":[{"href":"https:\/\/agora.xtec.cat\/iesdelvoltreganes\/wp-json\/wp\/v2\/types\/post"}],"author":[{"embeddable":true,"href":"https:\/\/agora.xtec.cat\/iesdelvoltreganes\/wp-json\/wp\/v2\/users\/6"}],"replies":[{"embeddable":true,"href":"https:\/\/agora.xtec.cat\/iesdelvoltreganes\/wp-json\/wp\/v2\/comments?post=6001"}],"version-history":[{"count":1,"href":"https:\/\/agora.xtec.cat\/iesdelvoltreganes\/wp-json\/wp\/v2\/posts\/6001\/revisions"}],"predecessor-version":[{"id":6004,"href":"https:\/\/agora.xtec.cat\/iesdelvoltreganes\/wp-json\/wp\/v2\/posts\/6001\/revisions\/6004"}],"wp:attachment":[{"href":"https:\/\/agora.xtec.cat\/iesdelvoltreganes\/wp-json\/wp\/v2\/media?parent=6001"}],"wp:term":[{"taxonomy":"category","embeddable":true,"href":"https:\/\/agora.xtec.cat\/iesdelvoltreganes\/wp-json\/wp\/v2\/categories?post=6001"},{"taxonomy":"post_tag","embeddable":true,"href":"https:\/\/agora.xtec.cat\/iesdelvoltreganes\/wp-json\/wp\/v2\/tags?post=6001"}],"curies":[{"name":"wp","href":"https:\/\/api.w.org\/{rel}","templated":true}]}}