{"id":5974,"date":"2023-04-15T19:48:55","date_gmt":"2023-04-15T17:48:55","guid":{"rendered":"https:\/\/agora.xtec.cat\/iesdelvoltreganes\/?p=5974"},"modified":"2023-04-15T19:48:55","modified_gmt":"2023-04-15T17:48:55","slug":"projectes-del-programa_rcs","status":"publish","type":"post","link":"https:\/\/agora.xtec.cat\/iesdelvoltreganes\/general\/projectes-del-programa_rcs\/","title":{"rendered":"Projectes del  @Programa_RCS"},"content":{"rendered":"<p><a href=\"https:\/\/agora.xtec.cat\/iesdelvoltreganes\/wp-content\/uploads\/usu618\/2023\/04\/IMG_7841-COLLAGE.jpg\"><img loading=\"lazy\" decoding=\"async\" class=\"size-medium wp-image-5975 aligncenter\" src=\"https:\/\/agora.xtec.cat\/iesdelvoltreganes\/wp-content\/uploads\/usu618\/2023\/04\/IMG_7841-COLLAGE-300x300.jpg\" alt=\"\" width=\"300\" height=\"300\" srcset=\"https:\/\/agora.xtec.cat\/iesdelvoltreganes\/wp-content\/uploads\/usu618\/2023\/04\/IMG_7841-COLLAGE-300x300.jpg 300w, https:\/\/agora.xtec.cat\/iesdelvoltreganes\/wp-content\/uploads\/usu618\/2023\/04\/IMG_7841-COLLAGE-1024x1024.jpg 1024w, https:\/\/agora.xtec.cat\/iesdelvoltreganes\/wp-content\/uploads\/usu618\/2023\/04\/IMG_7841-COLLAGE-150x150.jpg 150w, https:\/\/agora.xtec.cat\/iesdelvoltreganes\/wp-content\/uploads\/usu618\/2023\/04\/IMG_7841-COLLAGE-768x768.jpg 768w, https:\/\/agora.xtec.cat\/iesdelvoltreganes\/wp-content\/uploads\/usu618\/2023\/04\/IMG_7841-COLLAGE-1536x1536.jpg 1536w, https:\/\/agora.xtec.cat\/iesdelvoltreganes\/wp-content\/uploads\/usu618\/2023\/04\/IMG_7841-COLLAGE.jpg 2046w\" sizes=\"auto, (max-width: 300px) 100vw, 300px\" \/><\/a><\/p>\n<p>Avui l&#8217;alumnat de 4t d&#8217;ESO de @insvoltregan\u00e8s ha iniciat el 3r torn de projectes del @Programa_RCS. Les entitats locals han explicat els reptes a l\u2019alumnat a trav\u00e9s dels projectes Actuem amb Cap, Fem R\u00e0dio i Makers 3D. Ha estat una experi\u00e8ncia molt enriquidora per a ells i volem agrair a les entitats la seva col\u00b7laboraci\u00f3! Seguim fent xarxa.@radiovoltrega @ajManlleu@gegantersdesanthip\u00f2lit<\/p>\n","protected":false},"excerpt":{"rendered":"<p><a href=\"https:\/\/agora.xtec.cat\/iesdelvoltreganes\/wp-content\/uploads\/usu618\/2023\/04\/IMG_7841-COLLAGE.jpg\"><\/a><br \/>\nAvui l&#8217;alumnat de 4t d&#8217;ESO de @insvoltregan\u00e8s ha iniciat el 3r torn de projectes del @Programa_RCS. Les entitats locals han explicat els reptes a l\u2019alumnat a trav\u00e9s dels projectes Actuem amb Cap, Fem R\u00e0dio i Makers 3D. Ha estat una experi\u00e8ncia molt enriquidora per&hellip;  <a href=\"https:\/\/agora.xtec.cat\/iesdelvoltreganes\/general\/projectes-del-programa_rcs\/\" title=\"Read Projectes del  @Programa_RCS\">Llegeix m\u00e9s\u00bb<\/a><\/p>\n","protected":false},"author":6,"featured_media":0,"comment_status":"open","ping_status":"closed","sticky":false,"template":"","format":"standard","meta":{"_bbp_topic_count":0,"_bbp_reply_count":0,"_bbp_total_topic_count":0,"_bbp_total_reply_count":0,"_bbp_voice_count":0,"_bbp_anonymous_reply_count":0,"_bbp_topic_count_hidden":0,"_bbp_reply_count_hidden":0,"_bbp_forum_subforum_count":0,"footnotes":""},"categories":[7,1,29],"tags":[],"class_list":["post-5974","post","type-post","status-publish","format-standard","hentry","category-eso-4","category-general","category-portada"],"post_mailing_queue_ids":[],"_links":{"self":[{"href":"https:\/\/agora.xtec.cat\/iesdelvoltreganes\/wp-json\/wp\/v2\/posts\/5974","targetHints":{"allow":["GET"]}}],"collection":[{"href":"https:\/\/agora.xtec.cat\/iesdelvoltreganes\/wp-json\/wp\/v2\/posts"}],"about":[{"href":"https:\/\/agora.xtec.cat\/iesdelvoltreganes\/wp-json\/wp\/v2\/types\/post"}],"author":[{"embeddable":true,"href":"https:\/\/agora.xtec.cat\/iesdelvoltreganes\/wp-json\/wp\/v2\/users\/6"}],"replies":[{"embeddable":true,"href":"https:\/\/agora.xtec.cat\/iesdelvoltreganes\/wp-json\/wp\/v2\/comments?post=5974"}],"version-history":[{"count":1,"href":"https:\/\/agora.xtec.cat\/iesdelvoltreganes\/wp-json\/wp\/v2\/posts\/5974\/revisions"}],"predecessor-version":[{"id":5976,"href":"https:\/\/agora.xtec.cat\/iesdelvoltreganes\/wp-json\/wp\/v2\/posts\/5974\/revisions\/5976"}],"wp:attachment":[{"href":"https:\/\/agora.xtec.cat\/iesdelvoltreganes\/wp-json\/wp\/v2\/media?parent=5974"}],"wp:term":[{"taxonomy":"category","embeddable":true,"href":"https:\/\/agora.xtec.cat\/iesdelvoltreganes\/wp-json\/wp\/v2\/categories?post=5974"},{"taxonomy":"post_tag","embeddable":true,"href":"https:\/\/agora.xtec.cat\/iesdelvoltreganes\/wp-json\/wp\/v2\/tags?post=5974"}],"curies":[{"name":"wp","href":"https:\/\/api.w.org\/{rel}","templated":true}]}}