{"id":5940,"date":"2023-03-24T20:54:53","date_gmt":"2023-03-24T19:54:53","guid":{"rendered":"https:\/\/agora.xtec.cat\/iesdelvoltreganes\/?p=5940"},"modified":"2023-03-24T20:54:53","modified_gmt":"2023-03-24T19:54:53","slug":"viatge-a-alemanya","status":"publish","type":"post","link":"https:\/\/agora.xtec.cat\/iesdelvoltreganes\/general\/viatge-a-alemanya\/","title":{"rendered":"Viatge a Alemanya"},"content":{"rendered":"<p>Fa un mes ten\u00edem un grup d&#8217;estudiants d&#8217;Alemanya a Les Masies de Voltreg\u00e0 i ara som nosaltres a Alemanya, a Bielefeld en l&#8217;intercanvi de llengua alemanya que hem tornat a organitzar des de l&#8217;institut.<\/p>\n<p>Vam arribar dimecres al vespre, ahir vam treballar en el projecte de llengua alemanya que estem fent i a la tarda vam visitar l&#8217;empresa multinacional del Dr.Oetker on vam poder fer un tast de les pizzes i el p\u00fading.<\/p>\n<p>Avui continuem amb el projecte durant tot el mat\u00ed i al vespre fem un sopar amb les fam\u00edlies que ens acullen.<\/p>\n<p>En els propers dies anirem a visitar M\u016bnster, a patinar sobre gel i al zoo. Ens ho estem passant molt i molt b\u00e9 i estem aprenent molt d&#8217;alemany. Bis bald!!! Tsch\u00fcss!!<\/p>\n<p><a href=\"https:\/\/photos.app.goo.gl\/AXT4nAMR2oYiAdPr8\" target=\"_blank\" rel=\"noopener\"><img loading=\"lazy\" decoding=\"async\" class=\"aligncenter wp-image-5941 size-medium\" src=\"https:\/\/agora.xtec.cat\/iesdelvoltreganes\/wp-content\/uploads\/usu618\/2023\/03\/Copia-300x207.jpg\" alt=\"\" width=\"300\" height=\"207\" srcset=\"https:\/\/agora.xtec.cat\/iesdelvoltreganes\/wp-content\/uploads\/usu618\/2023\/03\/Copia-300x207.jpg 300w, https:\/\/agora.xtec.cat\/iesdelvoltreganes\/wp-content\/uploads\/usu618\/2023\/03\/Copia-768x530.jpg 768w, https:\/\/agora.xtec.cat\/iesdelvoltreganes\/wp-content\/uploads\/usu618\/2023\/03\/Copia.jpg 819w\" sizes=\"auto, (max-width: 300px) 100vw, 300px\" \/><\/a><\/p>\n","protected":false},"excerpt":{"rendered":"<p>Fa un mes ten\u00edem un grup d&#8217;estudiants d&#8217;Alemanya a Les Masies de Voltreg\u00e0 i ara som nosaltres a Alemanya, a Bielefeld en l&#8217;intercanvi de llengua alemanya que hem tornat a organitzar des de l&#8217;institut.<br \/>\nVam arribar dimecres al vespre, ahir vam treballar en el projecte de&hellip;  <a href=\"https:\/\/agora.xtec.cat\/iesdelvoltreganes\/general\/viatge-a-alemanya\/\" title=\"Read Viatge a Alemanya\">Llegeix m\u00e9s\u00bb<\/a><\/p>\n","protected":false},"author":6,"featured_media":0,"comment_status":"closed","ping_status":"closed","sticky":false,"template":"","format":"standard","meta":{"_bbp_topic_count":0,"_bbp_reply_count":0,"_bbp_total_topic_count":0,"_bbp_total_reply_count":0,"_bbp_voice_count":0,"_bbp_anonymous_reply_count":0,"_bbp_topic_count_hidden":0,"_bbp_reply_count_hidden":0,"_bbp_forum_subforum_count":0,"footnotes":""},"categories":[1,71,29],"tags":[39],"class_list":["post-5940","post","type-post","status-publish","format-standard","hentry","category-general","category-llengues-estrangeres","category-portada","tag-sortides"],"post_mailing_queue_ids":[],"_links":{"self":[{"href":"https:\/\/agora.xtec.cat\/iesdelvoltreganes\/wp-json\/wp\/v2\/posts\/5940","targetHints":{"allow":["GET"]}}],"collection":[{"href":"https:\/\/agora.xtec.cat\/iesdelvoltreganes\/wp-json\/wp\/v2\/posts"}],"about":[{"href":"https:\/\/agora.xtec.cat\/iesdelvoltreganes\/wp-json\/wp\/v2\/types\/post"}],"author":[{"embeddable":true,"href":"https:\/\/agora.xtec.cat\/iesdelvoltreganes\/wp-json\/wp\/v2\/users\/6"}],"replies":[{"embeddable":true,"href":"https:\/\/agora.xtec.cat\/iesdelvoltreganes\/wp-json\/wp\/v2\/comments?post=5940"}],"version-history":[{"count":1,"href":"https:\/\/agora.xtec.cat\/iesdelvoltreganes\/wp-json\/wp\/v2\/posts\/5940\/revisions"}],"predecessor-version":[{"id":5942,"href":"https:\/\/agora.xtec.cat\/iesdelvoltreganes\/wp-json\/wp\/v2\/posts\/5940\/revisions\/5942"}],"wp:attachment":[{"href":"https:\/\/agora.xtec.cat\/iesdelvoltreganes\/wp-json\/wp\/v2\/media?parent=5940"}],"wp:term":[{"taxonomy":"category","embeddable":true,"href":"https:\/\/agora.xtec.cat\/iesdelvoltreganes\/wp-json\/wp\/v2\/categories?post=5940"},{"taxonomy":"post_tag","embeddable":true,"href":"https:\/\/agora.xtec.cat\/iesdelvoltreganes\/wp-json\/wp\/v2\/tags?post=5940"}],"curies":[{"name":"wp","href":"https:\/\/api.w.org\/{rel}","templated":true}]}}