{"id":5918,"date":"2023-03-01T19:17:54","date_gmt":"2023-03-01T18:17:54","guid":{"rendered":"https:\/\/agora.xtec.cat\/iesdelvoltreganes\/?p=5918"},"modified":"2023-03-01T19:18:27","modified_gmt":"2023-03-01T18:18:27","slug":"enregistrament-de-programa-de-radio","status":"publish","type":"post","link":"https:\/\/agora.xtec.cat\/iesdelvoltreganes\/general\/enregistrament-de-programa-de-radio\/","title":{"rendered":"Enregistrament d&#8217;un programa de r\u00e0dio"},"content":{"rendered":"<p>Durant el segon trimestre, els alumnes de 4t d&#8217;ESO de l&#8217;\u00e0mbit comunicatiu del projecte de Recerca, Creaci\u00f3 i Servei han estat preparant un programa de r\u00e0dio. Dimarts passat, amb l&#8217;ajuda de l&#8217;Andreu, van anar a R\u00e0dio Voltregan\u00e8s a enregistrar-lo, va ser una experi\u00e8ncia molt enriquidora.<\/p>\n<p><a href=\"https:\/\/agora.xtec.cat\/iesdelvoltreganes\/wp-content\/uploads\/usu618\/2023\/03\/IMG-20230228-WA0002.jpg\"><img loading=\"lazy\" decoding=\"async\" class=\"size-medium wp-image-5919 aligncenter\" src=\"https:\/\/agora.xtec.cat\/iesdelvoltreganes\/wp-content\/uploads\/usu618\/2023\/03\/IMG-20230228-WA0002-300x135.jpg\" alt=\"\" width=\"300\" height=\"135\" srcset=\"https:\/\/agora.xtec.cat\/iesdelvoltreganes\/wp-content\/uploads\/usu618\/2023\/03\/IMG-20230228-WA0002-300x135.jpg 300w, https:\/\/agora.xtec.cat\/iesdelvoltreganes\/wp-content\/uploads\/usu618\/2023\/03\/IMG-20230228-WA0002-1024x461.jpg 1024w, https:\/\/agora.xtec.cat\/iesdelvoltreganes\/wp-content\/uploads\/usu618\/2023\/03\/IMG-20230228-WA0002-768x346.jpg 768w, https:\/\/agora.xtec.cat\/iesdelvoltreganes\/wp-content\/uploads\/usu618\/2023\/03\/IMG-20230228-WA0002-1536x691.jpg 1536w, https:\/\/agora.xtec.cat\/iesdelvoltreganes\/wp-content\/uploads\/usu618\/2023\/03\/IMG-20230228-WA0002.jpg 1600w\" sizes=\"auto, (max-width: 300px) 100vw, 300px\" \/><\/a><\/p>\n<p><a href=\"https:\/\/agora.xtec.cat\/iesdelvoltreganes\/wp-content\/uploads\/usu618\/2023\/03\/IMG-20230228-WA0004.jpg\"><img loading=\"lazy\" decoding=\"async\" class=\"size-medium wp-image-5920 aligncenter\" src=\"https:\/\/agora.xtec.cat\/iesdelvoltreganes\/wp-content\/uploads\/usu618\/2023\/03\/IMG-20230228-WA0004-300x135.jpg\" alt=\"\" width=\"300\" height=\"135\" srcset=\"https:\/\/agora.xtec.cat\/iesdelvoltreganes\/wp-content\/uploads\/usu618\/2023\/03\/IMG-20230228-WA0004-300x135.jpg 300w, https:\/\/agora.xtec.cat\/iesdelvoltreganes\/wp-content\/uploads\/usu618\/2023\/03\/IMG-20230228-WA0004-1024x461.jpg 1024w, https:\/\/agora.xtec.cat\/iesdelvoltreganes\/wp-content\/uploads\/usu618\/2023\/03\/IMG-20230228-WA0004-768x346.jpg 768w, https:\/\/agora.xtec.cat\/iesdelvoltreganes\/wp-content\/uploads\/usu618\/2023\/03\/IMG-20230228-WA0004-1536x691.jpg 1536w, https:\/\/agora.xtec.cat\/iesdelvoltreganes\/wp-content\/uploads\/usu618\/2023\/03\/IMG-20230228-WA0004.jpg 1600w\" sizes=\"auto, (max-width: 300px) 100vw, 300px\" \/><\/a><\/p>\n","protected":false},"excerpt":{"rendered":"<p>Durant el segon trimestre, els alumnes de 4t d&#8217;ESO de l&#8217;\u00e0mbit comunicatiu del projecte de Recerca, Creaci\u00f3 i Servei han estat preparant un programa de r\u00e0dio. Dimarts passat, amb l&#8217;ajuda de l&#8217;Andreu, van anar a R\u00e0dio Voltregan\u00e8s a enregistrar-lo, va ser una experi\u00e8ncia molt enriquidora.<br \/>\n<a&hellip;  <a href=\"https:\/\/agora.xtec.cat\/iesdelvoltreganes\/general\/enregistrament-de-programa-de-radio\/\" title=\"Read Enregistrament d&#8217;un programa de r\u00e0dio\">Llegeix m\u00e9s\u00bb<\/a><\/p>\n","protected":false},"author":6,"featured_media":0,"comment_status":"closed","ping_status":"closed","sticky":false,"template":"","format":"standard","meta":{"_bbp_topic_count":0,"_bbp_reply_count":0,"_bbp_total_topic_count":0,"_bbp_total_reply_count":0,"_bbp_voice_count":0,"_bbp_anonymous_reply_count":0,"_bbp_topic_count_hidden":0,"_bbp_reply_count_hidden":0,"_bbp_forum_subforum_count":0,"footnotes":""},"categories":[7,1,29],"tags":[],"class_list":["post-5918","post","type-post","status-publish","format-standard","hentry","category-eso-4","category-general","category-portada"],"post_mailing_queue_ids":[],"_links":{"self":[{"href":"https:\/\/agora.xtec.cat\/iesdelvoltreganes\/wp-json\/wp\/v2\/posts\/5918","targetHints":{"allow":["GET"]}}],"collection":[{"href":"https:\/\/agora.xtec.cat\/iesdelvoltreganes\/wp-json\/wp\/v2\/posts"}],"about":[{"href":"https:\/\/agora.xtec.cat\/iesdelvoltreganes\/wp-json\/wp\/v2\/types\/post"}],"author":[{"embeddable":true,"href":"https:\/\/agora.xtec.cat\/iesdelvoltreganes\/wp-json\/wp\/v2\/users\/6"}],"replies":[{"embeddable":true,"href":"https:\/\/agora.xtec.cat\/iesdelvoltreganes\/wp-json\/wp\/v2\/comments?post=5918"}],"version-history":[{"count":2,"href":"https:\/\/agora.xtec.cat\/iesdelvoltreganes\/wp-json\/wp\/v2\/posts\/5918\/revisions"}],"predecessor-version":[{"id":5922,"href":"https:\/\/agora.xtec.cat\/iesdelvoltreganes\/wp-json\/wp\/v2\/posts\/5918\/revisions\/5922"}],"wp:attachment":[{"href":"https:\/\/agora.xtec.cat\/iesdelvoltreganes\/wp-json\/wp\/v2\/media?parent=5918"}],"wp:term":[{"taxonomy":"category","embeddable":true,"href":"https:\/\/agora.xtec.cat\/iesdelvoltreganes\/wp-json\/wp\/v2\/categories?post=5918"},{"taxonomy":"post_tag","embeddable":true,"href":"https:\/\/agora.xtec.cat\/iesdelvoltreganes\/wp-json\/wp\/v2\/tags?post=5918"}],"curies":[{"name":"wp","href":"https:\/\/api.w.org\/{rel}","templated":true}]}}