{"id":5895,"date":"2023-02-21T11:54:14","date_gmt":"2023-02-21T10:54:14","guid":{"rendered":"https:\/\/agora.xtec.cat\/iesdelvoltreganes\/?p=5895"},"modified":"2023-02-23T15:41:03","modified_gmt":"2023-02-23T14:41:03","slug":"besalu","status":"publish","type":"post","link":"https:\/\/agora.xtec.cat\/iesdelvoltreganes\/general\/besalu\/","title":{"rendered":"Besal\u00fa"},"content":{"rendered":"<p>Divendres 17 de febrer, l&#8217;alumnat de 2n d&#8217;ESO va visitar Besal\u00fa.  Al llarg del mat\u00ed, vam poder con\u00e8ixer com era la societat medieval i veure llocs tan rellevants com l&#8217;emblem\u00e0tic pont del poble, el micv\u00e9, la sinagoga o l&#8217;esgl\u00e9sia rom\u00e0nica. A m\u00e9s a m\u00e9s, abans d&#8217;acabar la visita, un mestre d&#8217;armes ens va explicar com s&#8217;arribava a ser cavaller a l&#8217;Edat Mitjana i, fins i tot, ens va fer una exhibici\u00f3 de quines t\u00e8cniques de lluita tenien.<\/p>\n<div><\/div>\n<div><a href=\"https:\/\/agora.xtec.cat\/iesdelvoltreganes\/wp-content\/uploads\/usu618\/2023\/02\/Portada.jpeg\"><img loading=\"lazy\" decoding=\"async\" class=\"alignnone size-medium wp-image-5909\" src=\"https:\/\/agora.xtec.cat\/iesdelvoltreganes\/wp-content\/uploads\/usu618\/2023\/02\/Portada-300x225.jpeg\" alt=\"\" width=\"300\" height=\"225\" srcset=\"https:\/\/agora.xtec.cat\/iesdelvoltreganes\/wp-content\/uploads\/usu618\/2023\/02\/Portada-300x225.jpeg 300w, https:\/\/agora.xtec.cat\/iesdelvoltreganes\/wp-content\/uploads\/usu618\/2023\/02\/Portada-1024x768.jpeg 1024w, https:\/\/agora.xtec.cat\/iesdelvoltreganes\/wp-content\/uploads\/usu618\/2023\/02\/Portada-768x576.jpeg 768w, https:\/\/agora.xtec.cat\/iesdelvoltreganes\/wp-content\/uploads\/usu618\/2023\/02\/Portada-1536x1152.jpeg 1536w, https:\/\/agora.xtec.cat\/iesdelvoltreganes\/wp-content\/uploads\/usu618\/2023\/02\/Portada-200x150.jpeg 200w, https:\/\/agora.xtec.cat\/iesdelvoltreganes\/wp-content\/uploads\/usu618\/2023\/02\/Portada.jpeg 1984w\" sizes=\"auto, (max-width: 300px) 100vw, 300px\" \/><\/a><a href=\"https:\/\/agora.xtec.cat\/iesdelvoltreganes\/wp-content\/uploads\/usu618\/2023\/02\/2.jpeg\"><img loading=\"lazy\" decoding=\"async\" class=\"alignnone size-medium wp-image-5910\" src=\"https:\/\/agora.xtec.cat\/iesdelvoltreganes\/wp-content\/uploads\/usu618\/2023\/02\/2-225x300.jpeg\" alt=\"\" width=\"225\" height=\"300\" srcset=\"https:\/\/agora.xtec.cat\/iesdelvoltreganes\/wp-content\/uploads\/usu618\/2023\/02\/2-225x300.jpeg 225w, https:\/\/agora.xtec.cat\/iesdelvoltreganes\/wp-content\/uploads\/usu618\/2023\/02\/2.jpeg 768w\" sizes=\"auto, (max-width: 225px) 100vw, 225px\" \/><\/a><a href=\"https:\/\/agora.xtec.cat\/iesdelvoltreganes\/wp-content\/uploads\/usu618\/2023\/02\/1.jpeg\"><img loading=\"lazy\" decoding=\"async\" class=\"alignnone size-medium wp-image-5911\" src=\"https:\/\/agora.xtec.cat\/iesdelvoltreganes\/wp-content\/uploads\/usu618\/2023\/02\/1-225x300.jpeg\" alt=\"\" width=\"225\" height=\"300\" srcset=\"https:\/\/agora.xtec.cat\/iesdelvoltreganes\/wp-content\/uploads\/usu618\/2023\/02\/1-225x300.jpeg 225w, https:\/\/agora.xtec.cat\/iesdelvoltreganes\/wp-content\/uploads\/usu618\/2023\/02\/1.jpeg 768w\" sizes=\"auto, (max-width: 225px) 100vw, 225px\" \/><\/a><\/div>\n<div><\/div>\n","protected":false},"excerpt":{"rendered":"<p>Divendres 17 de febrer, l&#8217;alumnat de 2n d&#8217;ESO va visitar Besal\u00fa.  Al llarg del mat\u00ed, vam poder con\u00e8ixer com era la societat medieval i veure llocs tan rellevants com l&#8217;emblem\u00e0tic pont del poble, el micv\u00e9, la sinagoga o l&#8217;esgl\u00e9sia rom\u00e0nica. A m\u00e9s a m\u00e9s,&hellip;  <a href=\"https:\/\/agora.xtec.cat\/iesdelvoltreganes\/general\/besalu\/\" title=\"Read Besal\u00fa\">Llegeix m\u00e9s\u00bb<\/a><\/p>\n","protected":false},"author":6,"featured_media":0,"comment_status":"closed","ping_status":"closed","sticky":false,"template":"","format":"standard","meta":{"_bbp_topic_count":0,"_bbp_reply_count":0,"_bbp_total_topic_count":0,"_bbp_total_reply_count":0,"_bbp_voice_count":0,"_bbp_anonymous_reply_count":0,"_bbp_topic_count_hidden":0,"_bbp_reply_count_hidden":0,"_bbp_forum_subforum_count":0,"footnotes":""},"categories":[66,5,1,29],"tags":[39],"class_list":["post-5895","post","type-post","status-publish","format-standard","hentry","category-ciencies-socials","category-eso-2","category-general","category-portada","tag-sortides"],"post_mailing_queue_ids":[],"_links":{"self":[{"href":"https:\/\/agora.xtec.cat\/iesdelvoltreganes\/wp-json\/wp\/v2\/posts\/5895","targetHints":{"allow":["GET"]}}],"collection":[{"href":"https:\/\/agora.xtec.cat\/iesdelvoltreganes\/wp-json\/wp\/v2\/posts"}],"about":[{"href":"https:\/\/agora.xtec.cat\/iesdelvoltreganes\/wp-json\/wp\/v2\/types\/post"}],"author":[{"embeddable":true,"href":"https:\/\/agora.xtec.cat\/iesdelvoltreganes\/wp-json\/wp\/v2\/users\/6"}],"replies":[{"embeddable":true,"href":"https:\/\/agora.xtec.cat\/iesdelvoltreganes\/wp-json\/wp\/v2\/comments?post=5895"}],"version-history":[{"count":3,"href":"https:\/\/agora.xtec.cat\/iesdelvoltreganes\/wp-json\/wp\/v2\/posts\/5895\/revisions"}],"predecessor-version":[{"id":5913,"href":"https:\/\/agora.xtec.cat\/iesdelvoltreganes\/wp-json\/wp\/v2\/posts\/5895\/revisions\/5913"}],"wp:attachment":[{"href":"https:\/\/agora.xtec.cat\/iesdelvoltreganes\/wp-json\/wp\/v2\/media?parent=5895"}],"wp:term":[{"taxonomy":"category","embeddable":true,"href":"https:\/\/agora.xtec.cat\/iesdelvoltreganes\/wp-json\/wp\/v2\/categories?post=5895"},{"taxonomy":"post_tag","embeddable":true,"href":"https:\/\/agora.xtec.cat\/iesdelvoltreganes\/wp-json\/wp\/v2\/tags?post=5895"}],"curies":[{"name":"wp","href":"https:\/\/api.w.org\/{rel}","templated":true}]}}