{"id":5891,"date":"2023-02-21T11:51:46","date_gmt":"2023-02-21T10:51:46","guid":{"rendered":"https:\/\/agora.xtec.cat\/iesdelvoltreganes\/?p=5891"},"modified":"2023-02-21T11:56:05","modified_gmt":"2023-02-21T10:56:05","slug":"talent-poetic-i-rapsode","status":"publish","type":"post","link":"https:\/\/agora.xtec.cat\/iesdelvoltreganes\/general\/talent-poetic-i-rapsode\/","title":{"rendered":"Talent po\u00e8tic i rapsode"},"content":{"rendered":"<p>Aquest divendres 17 de febrer, els alumnes de 3r d&#8217;ESO van poder desenvolupar durant 1:30 h el seu talent po\u00e8tic i rapsode a trav\u00e9s del poeta, rapsoda i editor Ramon Bartrina. Amb unes senzilles i efectives indicacions t\u00e8cniques de polipoesia i raps\u00f2dia va poder motivar els alumnes a composar textos po\u00e8tics. Primer van composar-los de forma individual i\u00a0 posteriorment van fer un treball conjunt per arribar al text final, el qual, van recitar a davant de tota la classe, amb molt d&#8217;\u00e8xit, per cert.<\/p>\n<p><a href=\"https:\/\/agora.xtec.cat\/iesdelvoltreganes\/wp-content\/uploads\/usu618\/2023\/02\/IMG-20230217-WA0025.jpg\"><img loading=\"lazy\" decoding=\"async\" class=\"size-medium wp-image-5892 aligncenter\" src=\"https:\/\/agora.xtec.cat\/iesdelvoltreganes\/wp-content\/uploads\/usu618\/2023\/02\/IMG-20230217-WA0025-300x225.jpg\" alt=\"\" width=\"300\" height=\"225\" srcset=\"https:\/\/agora.xtec.cat\/iesdelvoltreganes\/wp-content\/uploads\/usu618\/2023\/02\/IMG-20230217-WA0025-300x225.jpg 300w, https:\/\/agora.xtec.cat\/iesdelvoltreganes\/wp-content\/uploads\/usu618\/2023\/02\/IMG-20230217-WA0025-1024x768.jpg 1024w, https:\/\/agora.xtec.cat\/iesdelvoltreganes\/wp-content\/uploads\/usu618\/2023\/02\/IMG-20230217-WA0025-768x576.jpg 768w, https:\/\/agora.xtec.cat\/iesdelvoltreganes\/wp-content\/uploads\/usu618\/2023\/02\/IMG-20230217-WA0025-1536x1152.jpg 1536w, https:\/\/agora.xtec.cat\/iesdelvoltreganes\/wp-content\/uploads\/usu618\/2023\/02\/IMG-20230217-WA0025-200x150.jpg 200w, https:\/\/agora.xtec.cat\/iesdelvoltreganes\/wp-content\/uploads\/usu618\/2023\/02\/IMG-20230217-WA0025.jpg 2000w\" sizes=\"auto, (max-width: 300px) 100vw, 300px\" \/><\/a><a href=\"https:\/\/agora.xtec.cat\/iesdelvoltreganes\/wp-content\/uploads\/usu618\/2023\/02\/IMG-20230220-WA0001.jpg\"><img loading=\"lazy\" decoding=\"async\" class=\"size-medium wp-image-5893 aligncenter\" src=\"https:\/\/agora.xtec.cat\/iesdelvoltreganes\/wp-content\/uploads\/usu618\/2023\/02\/IMG-20230220-WA0001-231x300.jpg\" alt=\"\" width=\"231\" height=\"300\" srcset=\"https:\/\/agora.xtec.cat\/iesdelvoltreganes\/wp-content\/uploads\/usu618\/2023\/02\/IMG-20230220-WA0001-231x300.jpg 231w, https:\/\/agora.xtec.cat\/iesdelvoltreganes\/wp-content\/uploads\/usu618\/2023\/02\/IMG-20230220-WA0001-768x996.jpg 768w, https:\/\/agora.xtec.cat\/iesdelvoltreganes\/wp-content\/uploads\/usu618\/2023\/02\/IMG-20230220-WA0001.jpg 786w\" sizes=\"auto, (max-width: 231px) 100vw, 231px\" \/><\/a><\/p>\n","protected":false},"excerpt":{"rendered":"<p>Aquest divendres 17 de febrer, els alumnes de 3r d&#8217;ESO van poder desenvolupar durant 1:30 h el seu talent po\u00e8tic i rapsode a trav\u00e9s del poeta, rapsoda i editor Ramon Bartrina. Amb unes senzilles i efectives indicacions t\u00e8cniques de polipoesia i raps\u00f2dia va poder motivar&hellip;  <a href=\"https:\/\/agora.xtec.cat\/iesdelvoltreganes\/general\/talent-poetic-i-rapsode\/\" title=\"Read Talent po\u00e8tic i rapsode\">Llegeix m\u00e9s\u00bb<\/a><\/p>\n","protected":false},"author":6,"featured_media":0,"comment_status":"closed","ping_status":"closed","sticky":false,"template":"","format":"standard","meta":{"_bbp_topic_count":0,"_bbp_reply_count":0,"_bbp_total_topic_count":0,"_bbp_total_reply_count":0,"_bbp_voice_count":0,"_bbp_anonymous_reply_count":0,"_bbp_topic_count_hidden":0,"_bbp_reply_count_hidden":0,"_bbp_forum_subforum_count":0,"footnotes":""},"categories":[6,1,72,29],"tags":[58],"class_list":["post-5891","post","type-post","status-publish","format-standard","hentry","category-eso-3","category-general","category-llengues-i-literatura","category-portada","tag-tallers"],"post_mailing_queue_ids":[],"_links":{"self":[{"href":"https:\/\/agora.xtec.cat\/iesdelvoltreganes\/wp-json\/wp\/v2\/posts\/5891","targetHints":{"allow":["GET"]}}],"collection":[{"href":"https:\/\/agora.xtec.cat\/iesdelvoltreganes\/wp-json\/wp\/v2\/posts"}],"about":[{"href":"https:\/\/agora.xtec.cat\/iesdelvoltreganes\/wp-json\/wp\/v2\/types\/post"}],"author":[{"embeddable":true,"href":"https:\/\/agora.xtec.cat\/iesdelvoltreganes\/wp-json\/wp\/v2\/users\/6"}],"replies":[{"embeddable":true,"href":"https:\/\/agora.xtec.cat\/iesdelvoltreganes\/wp-json\/wp\/v2\/comments?post=5891"}],"version-history":[{"count":3,"href":"https:\/\/agora.xtec.cat\/iesdelvoltreganes\/wp-json\/wp\/v2\/posts\/5891\/revisions"}],"predecessor-version":[{"id":5899,"href":"https:\/\/agora.xtec.cat\/iesdelvoltreganes\/wp-json\/wp\/v2\/posts\/5891\/revisions\/5899"}],"wp:attachment":[{"href":"https:\/\/agora.xtec.cat\/iesdelvoltreganes\/wp-json\/wp\/v2\/media?parent=5891"}],"wp:term":[{"taxonomy":"category","embeddable":true,"href":"https:\/\/agora.xtec.cat\/iesdelvoltreganes\/wp-json\/wp\/v2\/categories?post=5891"},{"taxonomy":"post_tag","embeddable":true,"href":"https:\/\/agora.xtec.cat\/iesdelvoltreganes\/wp-json\/wp\/v2\/tags?post=5891"}],"curies":[{"name":"wp","href":"https:\/\/api.w.org\/{rel}","templated":true}]}}