{"id":5849,"date":"2023-01-27T11:30:32","date_gmt":"2023-01-27T10:30:32","guid":{"rendered":"https:\/\/agora.xtec.cat\/iesdelvoltreganes\/?p=5849"},"modified":"2023-01-30T09:40:52","modified_gmt":"2023-01-30T08:40:52","slug":"lliga-de-debat","status":"publish","type":"post","link":"https:\/\/agora.xtec.cat\/iesdelvoltreganes\/general\/lliga-de-debat\/","title":{"rendered":"Lliga de Debat"},"content":{"rendered":"<p>Els alumnes de 1r de batxillerat van assistir, com ja \u00e9s tradici\u00f3, a la Lliga de Debat organitzada per la Xarxa Vives a la UVic. El tema d&#8217;enguany consistia a defensar, tan a favor com en contra, si cal regular les xarxes socials per combatre la desinformaci\u00f3. En una jornada ben intensa, l&#8217;alumnat en representaci\u00f3 del Voltregan\u00e8s va competir a l&#8217;al\u00e7ada dels millors!<\/p>\n<p><a href=\"https:\/\/agora.xtec.cat\/iesdelvoltreganes\/wp-content\/uploads\/usu618\/2023\/01\/IMG-20230127-WA0000.jpg\"><img loading=\"lazy\" decoding=\"async\" class=\"size-medium wp-image-5851 aligncenter\" src=\"https:\/\/agora.xtec.cat\/iesdelvoltreganes\/wp-content\/uploads\/usu618\/2023\/01\/IMG-20230127-WA0000-300x225.jpg\" alt=\"\" width=\"300\" height=\"225\" srcset=\"https:\/\/agora.xtec.cat\/iesdelvoltreganes\/wp-content\/uploads\/usu618\/2023\/01\/IMG-20230127-WA0000-300x225.jpg 300w, https:\/\/agora.xtec.cat\/iesdelvoltreganes\/wp-content\/uploads\/usu618\/2023\/01\/IMG-20230127-WA0000-1024x768.jpg 1024w, https:\/\/agora.xtec.cat\/iesdelvoltreganes\/wp-content\/uploads\/usu618\/2023\/01\/IMG-20230127-WA0000-768x576.jpg 768w, https:\/\/agora.xtec.cat\/iesdelvoltreganes\/wp-content\/uploads\/usu618\/2023\/01\/IMG-20230127-WA0000-1536x1152.jpg 1536w, https:\/\/agora.xtec.cat\/iesdelvoltreganes\/wp-content\/uploads\/usu618\/2023\/01\/IMG-20230127-WA0000-200x150.jpg 200w, https:\/\/agora.xtec.cat\/iesdelvoltreganes\/wp-content\/uploads\/usu618\/2023\/01\/IMG-20230127-WA0000.jpg 2048w\" sizes=\"auto, (max-width: 300px) 100vw, 300px\" \/><\/a><\/p>\n","protected":false},"excerpt":{"rendered":"<p>Els alumnes de 1r de batxillerat van assistir, com ja \u00e9s tradici\u00f3, a la Lliga de Debat organitzada per la Xarxa Vives a la UVic. El tema d&#8217;enguany consistia a defensar, tan a favor com en contra, si cal regular les xarxes socials per combatre&hellip;  <a href=\"https:\/\/agora.xtec.cat\/iesdelvoltreganes\/general\/lliga-de-debat\/\" title=\"Read Lliga de Debat\">Llegeix m\u00e9s\u00bb<\/a><\/p>\n","protected":false},"author":6,"featured_media":0,"comment_status":"closed","ping_status":"closed","sticky":false,"template":"","format":"standard","meta":{"_bbp_topic_count":0,"_bbp_reply_count":0,"_bbp_total_topic_count":0,"_bbp_total_reply_count":0,"_bbp_voice_count":0,"_bbp_anonymous_reply_count":0,"_bbp_topic_count_hidden":0,"_bbp_reply_count_hidden":0,"_bbp_forum_subforum_count":0,"footnotes":""},"categories":[8,1,29],"tags":[],"class_list":["post-5849","post","type-post","status-publish","format-standard","hentry","category-batxillerat","category-general","category-portada"],"post_mailing_queue_ids":[],"_links":{"self":[{"href":"https:\/\/agora.xtec.cat\/iesdelvoltreganes\/wp-json\/wp\/v2\/posts\/5849","targetHints":{"allow":["GET"]}}],"collection":[{"href":"https:\/\/agora.xtec.cat\/iesdelvoltreganes\/wp-json\/wp\/v2\/posts"}],"about":[{"href":"https:\/\/agora.xtec.cat\/iesdelvoltreganes\/wp-json\/wp\/v2\/types\/post"}],"author":[{"embeddable":true,"href":"https:\/\/agora.xtec.cat\/iesdelvoltreganes\/wp-json\/wp\/v2\/users\/6"}],"replies":[{"embeddable":true,"href":"https:\/\/agora.xtec.cat\/iesdelvoltreganes\/wp-json\/wp\/v2\/comments?post=5849"}],"version-history":[{"count":3,"href":"https:\/\/agora.xtec.cat\/iesdelvoltreganes\/wp-json\/wp\/v2\/posts\/5849\/revisions"}],"predecessor-version":[{"id":5853,"href":"https:\/\/agora.xtec.cat\/iesdelvoltreganes\/wp-json\/wp\/v2\/posts\/5849\/revisions\/5853"}],"wp:attachment":[{"href":"https:\/\/agora.xtec.cat\/iesdelvoltreganes\/wp-json\/wp\/v2\/media?parent=5849"}],"wp:term":[{"taxonomy":"category","embeddable":true,"href":"https:\/\/agora.xtec.cat\/iesdelvoltreganes\/wp-json\/wp\/v2\/categories?post=5849"},{"taxonomy":"post_tag","embeddable":true,"href":"https:\/\/agora.xtec.cat\/iesdelvoltreganes\/wp-json\/wp\/v2\/tags?post=5849"}],"curies":[{"name":"wp","href":"https:\/\/api.w.org\/{rel}","templated":true}]}}