{"id":5842,"date":"2023-01-12T20:36:05","date_gmt":"2023-01-12T19:36:05","guid":{"rendered":"https:\/\/agora.xtec.cat\/iesdelvoltreganes\/?p=5842"},"modified":"2023-01-12T20:36:31","modified_gmt":"2023-01-12T19:36:31","slug":"criptografia","status":"publish","type":"post","link":"https:\/\/agora.xtec.cat\/iesdelvoltreganes\/general\/criptografia\/","title":{"rendered":"Criptografia\u00a0"},"content":{"rendered":"<p>Els alumnes de 2n ESO van assistir a la xerrada sobre la hist\u00f2ria de la criptografia\u00a0 i van practicar codis secrets amb el conferenciant \u00d2scar Font (@enigmatitis). Tamb\u00e9 els alumnes de 1r B de batxillerat van fer un taller d&#8217;espionatge i despr\u00e9s van gaudir d&#8217;una petita xerrada sobre Alan Turing i la m\u00e0quina Enigma. La sorpresa final va ser veure la m\u00e0quina Enigma i una granada alemanya!<\/p>\n<p><a href=\"https:\/\/agora.xtec.cat\/iesdelvoltreganes\/wp-content\/uploads\/usu618\/2023\/01\/20230111_121419-1-scaled.jpg\"><img loading=\"lazy\" decoding=\"async\" src=\"https:\/\/agora.xtec.cat\/iesdelvoltreganes\/wp-content\/uploads\/usu618\/2023\/01\/20230111_121419-1-300x135.jpg\" alt=\"\" width=\"300\" height=\"135\" class=\"alignnone size-medium wp-image-5843\" srcset=\"https:\/\/agora.xtec.cat\/iesdelvoltreganes\/wp-content\/uploads\/usu618\/2023\/01\/20230111_121419-1-300x135.jpg 300w, https:\/\/agora.xtec.cat\/iesdelvoltreganes\/wp-content\/uploads\/usu618\/2023\/01\/20230111_121419-1-1024x462.jpg 1024w, https:\/\/agora.xtec.cat\/iesdelvoltreganes\/wp-content\/uploads\/usu618\/2023\/01\/20230111_121419-1-768x346.jpg 768w, https:\/\/agora.xtec.cat\/iesdelvoltreganes\/wp-content\/uploads\/usu618\/2023\/01\/20230111_121419-1-1536x692.jpg 1536w, https:\/\/agora.xtec.cat\/iesdelvoltreganes\/wp-content\/uploads\/usu618\/2023\/01\/20230111_121419-1-2048x923.jpg 2048w\" sizes=\"auto, (max-width: 300px) 100vw, 300px\" \/><\/a><\/p>\n<p><a href=\"https:\/\/agora.xtec.cat\/iesdelvoltreganes\/wp-content\/uploads\/usu618\/2023\/01\/20230111_094323-1-scaled.jpg\"><img loading=\"lazy\" decoding=\"async\" src=\"https:\/\/agora.xtec.cat\/iesdelvoltreganes\/wp-content\/uploads\/usu618\/2023\/01\/20230111_094323-1-300x135.jpg\" alt=\"\" width=\"300\" height=\"135\" class=\"alignnone size-medium wp-image-5844\" srcset=\"https:\/\/agora.xtec.cat\/iesdelvoltreganes\/wp-content\/uploads\/usu618\/2023\/01\/20230111_094323-1-300x135.jpg 300w, https:\/\/agora.xtec.cat\/iesdelvoltreganes\/wp-content\/uploads\/usu618\/2023\/01\/20230111_094323-1-1024x462.jpg 1024w, https:\/\/agora.xtec.cat\/iesdelvoltreganes\/wp-content\/uploads\/usu618\/2023\/01\/20230111_094323-1-768x346.jpg 768w, https:\/\/agora.xtec.cat\/iesdelvoltreganes\/wp-content\/uploads\/usu618\/2023\/01\/20230111_094323-1-1536x692.jpg 1536w, https:\/\/agora.xtec.cat\/iesdelvoltreganes\/wp-content\/uploads\/usu618\/2023\/01\/20230111_094323-1-2048x923.jpg 2048w\" sizes=\"auto, (max-width: 300px) 100vw, 300px\" \/><\/a><\/p>\n","protected":false},"excerpt":{"rendered":"<p>Els alumnes de 2n ESO van assistir a la xerrada sobre la hist\u00f2ria de la criptografia\u00a0 i van practicar codis secrets amb el conferenciant \u00d2scar Font (@enigmatitis). Tamb\u00e9 els alumnes de 1r B de batxillerat van fer un taller d&#8217;espionatge i despr\u00e9s van gaudir d&#8217;una&hellip;  <a href=\"https:\/\/agora.xtec.cat\/iesdelvoltreganes\/general\/criptografia\/\" title=\"Read Criptografia\u00a0\">Llegeix m\u00e9s\u00bb<\/a><\/p>\n","protected":false},"author":6,"featured_media":0,"comment_status":"closed","ping_status":"closed","sticky":false,"template":"","format":"standard","meta":{"_bbp_topic_count":0,"_bbp_reply_count":0,"_bbp_total_topic_count":0,"_bbp_total_reply_count":0,"_bbp_voice_count":0,"_bbp_anonymous_reply_count":0,"_bbp_topic_count_hidden":0,"_bbp_reply_count_hidden":0,"_bbp_forum_subforum_count":0,"footnotes":""},"categories":[8,5,1,73,29,64],"tags":[58,44],"class_list":["post-5842","post","type-post","status-publish","format-standard","hentry","category-batxillerat","category-eso-2","category-general","category-matematiques","category-portada","category-tecnologia","tag-tallers","tag-xerrades"],"post_mailing_queue_ids":[],"_links":{"self":[{"href":"https:\/\/agora.xtec.cat\/iesdelvoltreganes\/wp-json\/wp\/v2\/posts\/5842","targetHints":{"allow":["GET"]}}],"collection":[{"href":"https:\/\/agora.xtec.cat\/iesdelvoltreganes\/wp-json\/wp\/v2\/posts"}],"about":[{"href":"https:\/\/agora.xtec.cat\/iesdelvoltreganes\/wp-json\/wp\/v2\/types\/post"}],"author":[{"embeddable":true,"href":"https:\/\/agora.xtec.cat\/iesdelvoltreganes\/wp-json\/wp\/v2\/users\/6"}],"replies":[{"embeddable":true,"href":"https:\/\/agora.xtec.cat\/iesdelvoltreganes\/wp-json\/wp\/v2\/comments?post=5842"}],"version-history":[{"count":1,"href":"https:\/\/agora.xtec.cat\/iesdelvoltreganes\/wp-json\/wp\/v2\/posts\/5842\/revisions"}],"predecessor-version":[{"id":5845,"href":"https:\/\/agora.xtec.cat\/iesdelvoltreganes\/wp-json\/wp\/v2\/posts\/5842\/revisions\/5845"}],"wp:attachment":[{"href":"https:\/\/agora.xtec.cat\/iesdelvoltreganes\/wp-json\/wp\/v2\/media?parent=5842"}],"wp:term":[{"taxonomy":"category","embeddable":true,"href":"https:\/\/agora.xtec.cat\/iesdelvoltreganes\/wp-json\/wp\/v2\/categories?post=5842"},{"taxonomy":"post_tag","embeddable":true,"href":"https:\/\/agora.xtec.cat\/iesdelvoltreganes\/wp-json\/wp\/v2\/tags?post=5842"}],"curies":[{"name":"wp","href":"https:\/\/api.w.org\/{rel}","templated":true}]}}