{"id":5795,"date":"2022-12-14T18:25:28","date_gmt":"2022-12-14T17:25:28","guid":{"rendered":"https:\/\/agora.xtec.cat\/iesdelvoltreganes\/?p=5795"},"modified":"2022-12-14T18:27:26","modified_gmt":"2022-12-14T17:27:26","slug":"quantic-love","status":"publish","type":"post","link":"https:\/\/agora.xtec.cat\/iesdelvoltreganes\/general\/quantic-love\/","title":{"rendered":"Quantic Love"},"content":{"rendered":"<p>Des de la mat\u00e8ria de llengua, la lectura\u00a0<em>Quantic<\/em><i> Love<\/i> es treballa transversalment entre diferents \u00e0mbits educatius. La visita de S\u00f2nia Fern\u00e1ndez-Vidal a 3r ESO, ens ha fet veure qu\u00e8 hi ha al darrere d&#8217;un llibre i la seva escriptora. S\u00f3n hist\u00f2ries que irradien felicitat!<\/p>\n<p><a href=\"https:\/\/agora.xtec.cat\/iesdelvoltreganes\/wp-content\/uploads\/usu618\/2022\/12\/2022-12-14-at-09.11.07.jpeg\"><img loading=\"lazy\" decoding=\"async\" class=\"size-medium wp-image-5796 aligncenter\" src=\"https:\/\/agora.xtec.cat\/iesdelvoltreganes\/wp-content\/uploads\/usu618\/2022\/12\/2022-12-14-at-09.11.07-300x169.jpeg\" alt=\"\" width=\"300\" height=\"169\" srcset=\"https:\/\/agora.xtec.cat\/iesdelvoltreganes\/wp-content\/uploads\/usu618\/2022\/12\/2022-12-14-at-09.11.07-300x169.jpeg 300w, https:\/\/agora.xtec.cat\/iesdelvoltreganes\/wp-content\/uploads\/usu618\/2022\/12\/2022-12-14-at-09.11.07-1024x576.jpeg 1024w, https:\/\/agora.xtec.cat\/iesdelvoltreganes\/wp-content\/uploads\/usu618\/2022\/12\/2022-12-14-at-09.11.07-768x432.jpeg 768w, https:\/\/agora.xtec.cat\/iesdelvoltreganes\/wp-content\/uploads\/usu618\/2022\/12\/2022-12-14-at-09.11.07-1536x864.jpeg 1536w, https:\/\/agora.xtec.cat\/iesdelvoltreganes\/wp-content\/uploads\/usu618\/2022\/12\/2022-12-14-at-09.11.07.jpeg 1920w\" sizes=\"auto, (max-width: 300px) 100vw, 300px\" \/><\/a><\/p>\n<div><\/div>\n","protected":false},"excerpt":{"rendered":"<p>Des de la mat\u00e8ria de llengua, la lectura\u00a0Quantic Love es treballa transversalment entre diferents \u00e0mbits educatius. La visita de S\u00f2nia Fern\u00e1ndez-Vidal a 3r ESO, ens ha fet veure qu\u00e8 hi ha al darrere d&#8217;un llibre i la seva escriptora. S\u00f3n hist\u00f2ries que irradien felicitat!<br \/>\n<a href=\"https:\/\/agora.xtec.cat\/iesdelvoltreganes\/wp-content\/uploads\/usu618\/2022\/12\/2022-12-14-at-09.11.07.jpeg\"><\/a><\/p>\n","protected":false},"author":6,"featured_media":0,"comment_status":"closed","ping_status":"closed","sticky":false,"template":"","format":"standard","meta":{"_bbp_topic_count":0,"_bbp_reply_count":0,"_bbp_total_topic_count":0,"_bbp_total_reply_count":0,"_bbp_voice_count":0,"_bbp_anonymous_reply_count":0,"_bbp_topic_count_hidden":0,"_bbp_reply_count_hidden":0,"_bbp_forum_subforum_count":0,"footnotes":""},"categories":[6,1,72,29],"tags":[57,82],"class_list":["post-5795","post","type-post","status-publish","format-standard","hentry","category-eso-3","category-general","category-llengues-i-literatura","category-portada","tag-expressio-escrita","tag-llibres"],"post_mailing_queue_ids":[],"_links":{"self":[{"href":"https:\/\/agora.xtec.cat\/iesdelvoltreganes\/wp-json\/wp\/v2\/posts\/5795","targetHints":{"allow":["GET"]}}],"collection":[{"href":"https:\/\/agora.xtec.cat\/iesdelvoltreganes\/wp-json\/wp\/v2\/posts"}],"about":[{"href":"https:\/\/agora.xtec.cat\/iesdelvoltreganes\/wp-json\/wp\/v2\/types\/post"}],"author":[{"embeddable":true,"href":"https:\/\/agora.xtec.cat\/iesdelvoltreganes\/wp-json\/wp\/v2\/users\/6"}],"replies":[{"embeddable":true,"href":"https:\/\/agora.xtec.cat\/iesdelvoltreganes\/wp-json\/wp\/v2\/comments?post=5795"}],"version-history":[{"count":3,"href":"https:\/\/agora.xtec.cat\/iesdelvoltreganes\/wp-json\/wp\/v2\/posts\/5795\/revisions"}],"predecessor-version":[{"id":5799,"href":"https:\/\/agora.xtec.cat\/iesdelvoltreganes\/wp-json\/wp\/v2\/posts\/5795\/revisions\/5799"}],"wp:attachment":[{"href":"https:\/\/agora.xtec.cat\/iesdelvoltreganes\/wp-json\/wp\/v2\/media?parent=5795"}],"wp:term":[{"taxonomy":"category","embeddable":true,"href":"https:\/\/agora.xtec.cat\/iesdelvoltreganes\/wp-json\/wp\/v2\/categories?post=5795"},{"taxonomy":"post_tag","embeddable":true,"href":"https:\/\/agora.xtec.cat\/iesdelvoltreganes\/wp-json\/wp\/v2\/tags?post=5795"}],"curies":[{"name":"wp","href":"https:\/\/api.w.org\/{rel}","templated":true}]}}