{"id":5771,"date":"2022-12-05T17:44:12","date_gmt":"2022-12-05T16:44:12","guid":{"rendered":"https:\/\/agora.xtec.cat\/iesdelvoltreganes\/?p=5771"},"modified":"2022-12-14T17:44:37","modified_gmt":"2022-12-14T16:44:37","slug":"lectura-dramatitzada-duna-obra-de-teatre","status":"publish","type":"post","link":"https:\/\/agora.xtec.cat\/iesdelvoltreganes\/general\/lectura-dramatitzada-duna-obra-de-teatre\/","title":{"rendered":"Lectura dramatitzada d&#8217;una obra de teatre"},"content":{"rendered":"<p>El dilluns 5 els alumnes de 4t d&#8217;ESO del projecte de Recerca, Creaci\u00f3 i Servei de l&#8217;\u00e0mbit comunicatiu, han rebut la visita de l&#8217;Helena Pla, experta en comunicaci\u00f3 i actriu. Ella ens ha ajudat a assajar la lectura dramatitzada de l&#8217;obra de teatre que han escrit i que hauran de llegir a davant dels altres instituts en l&#8217;acte de clausura del projecte. Moltes gr\u00e0cies Helena per ajudar-nos!<\/p>\n","protected":false},"excerpt":{"rendered":"<p>El dilluns 5 els alumnes de 4t d&#8217;ESO del projecte de Recerca, Creaci\u00f3 i Servei de l&#8217;\u00e0mbit comunicatiu, han rebut la visita de l&#8217;Helena Pla, experta en comunicaci\u00f3 i actriu. Ella ens ha ajudat a assajar la lectura dramatitzada de l&#8217;obra de teatre que han&hellip;  <a href=\"https:\/\/agora.xtec.cat\/iesdelvoltreganes\/general\/lectura-dramatitzada-duna-obra-de-teatre\/\" title=\"Read Lectura dramatitzada d&#8217;una obra de teatre\">Llegeix m\u00e9s\u00bb<\/a><\/p>\n","protected":false},"author":6,"featured_media":0,"comment_status":"closed","ping_status":"closed","sticky":false,"template":"","format":"standard","meta":{"_bbp_topic_count":0,"_bbp_reply_count":0,"_bbp_total_topic_count":0,"_bbp_total_reply_count":0,"_bbp_voice_count":0,"_bbp_anonymous_reply_count":0,"_bbp_topic_count_hidden":0,"_bbp_reply_count_hidden":0,"_bbp_forum_subforum_count":0,"footnotes":""},"categories":[7,1,29],"tags":[],"class_list":["post-5771","post","type-post","status-publish","format-standard","hentry","category-eso-4","category-general","category-portada"],"post_mailing_queue_ids":[],"_links":{"self":[{"href":"https:\/\/agora.xtec.cat\/iesdelvoltreganes\/wp-json\/wp\/v2\/posts\/5771","targetHints":{"allow":["GET"]}}],"collection":[{"href":"https:\/\/agora.xtec.cat\/iesdelvoltreganes\/wp-json\/wp\/v2\/posts"}],"about":[{"href":"https:\/\/agora.xtec.cat\/iesdelvoltreganes\/wp-json\/wp\/v2\/types\/post"}],"author":[{"embeddable":true,"href":"https:\/\/agora.xtec.cat\/iesdelvoltreganes\/wp-json\/wp\/v2\/users\/6"}],"replies":[{"embeddable":true,"href":"https:\/\/agora.xtec.cat\/iesdelvoltreganes\/wp-json\/wp\/v2\/comments?post=5771"}],"version-history":[{"count":2,"href":"https:\/\/agora.xtec.cat\/iesdelvoltreganes\/wp-json\/wp\/v2\/posts\/5771\/revisions"}],"predecessor-version":[{"id":5773,"href":"https:\/\/agora.xtec.cat\/iesdelvoltreganes\/wp-json\/wp\/v2\/posts\/5771\/revisions\/5773"}],"wp:attachment":[{"href":"https:\/\/agora.xtec.cat\/iesdelvoltreganes\/wp-json\/wp\/v2\/media?parent=5771"}],"wp:term":[{"taxonomy":"category","embeddable":true,"href":"https:\/\/agora.xtec.cat\/iesdelvoltreganes\/wp-json\/wp\/v2\/categories?post=5771"},{"taxonomy":"post_tag","embeddable":true,"href":"https:\/\/agora.xtec.cat\/iesdelvoltreganes\/wp-json\/wp\/v2\/tags?post=5771"}],"curies":[{"name":"wp","href":"https:\/\/api.w.org\/{rel}","templated":true}]}}