{"id":5766,"date":"2022-12-05T10:23:06","date_gmt":"2022-12-05T09:23:06","guid":{"rendered":"https:\/\/agora.xtec.cat\/iesdelvoltreganes\/?p=5766"},"modified":"2022-12-05T10:23:23","modified_gmt":"2022-12-05T09:23:23","slug":"xerrada-sobre-volcans","status":"publish","type":"post","link":"https:\/\/agora.xtec.cat\/iesdelvoltreganes\/general\/xerrada-sobre-volcans\/","title":{"rendered":"Xerrada sobre volcans"},"content":{"rendered":"<p>Els estudiants de 4t d&#8217;ESO que cursen l&#8217;optativa de geologia i biologia han tingut la visita del distingit professor Francesc S\u00e0bat de la Universitat de Barcelona .Ha estat una experi\u00e8ncia molt enriquidora la qual ha perm\u00e8s a l\u2019alumnat con\u00e8ixer amb major profunditat el vulcanisme, i especialment, la recent erupci\u00f3 del volc\u00e0 Cumbre Vieja.<\/p>\n<p><a href=\"https:\/\/agora.xtec.cat\/iesdelvoltreganes\/wp-content\/uploads\/usu618\/2022\/12\/IMG_6385.jpg\"><img loading=\"lazy\" decoding=\"async\" class=\"size-medium wp-image-5767 aligncenter\" src=\"https:\/\/agora.xtec.cat\/iesdelvoltreganes\/wp-content\/uploads\/usu618\/2022\/12\/IMG_6385-300x225.jpg\" alt=\"\" width=\"300\" height=\"225\" srcset=\"https:\/\/agora.xtec.cat\/iesdelvoltreganes\/wp-content\/uploads\/usu618\/2022\/12\/IMG_6385-300x225.jpg 300w, https:\/\/agora.xtec.cat\/iesdelvoltreganes\/wp-content\/uploads\/usu618\/2022\/12\/IMG_6385-1024x768.jpg 1024w, https:\/\/agora.xtec.cat\/iesdelvoltreganes\/wp-content\/uploads\/usu618\/2022\/12\/IMG_6385-768x576.jpg 768w, https:\/\/agora.xtec.cat\/iesdelvoltreganes\/wp-content\/uploads\/usu618\/2022\/12\/IMG_6385-1536x1152.jpg 1536w, https:\/\/agora.xtec.cat\/iesdelvoltreganes\/wp-content\/uploads\/usu618\/2022\/12\/IMG_6385-200x150.jpg 200w, https:\/\/agora.xtec.cat\/iesdelvoltreganes\/wp-content\/uploads\/usu618\/2022\/12\/IMG_6385.jpg 2016w\" sizes=\"auto, (max-width: 300px) 100vw, 300px\" \/><\/a><\/p>\n","protected":false},"excerpt":{"rendered":"<p>Els estudiants de 4t d&#8217;ESO que cursen l&#8217;optativa de geologia i biologia han tingut la visita del distingit professor Francesc S\u00e0bat de la Universitat de Barcelona .Ha estat una experi\u00e8ncia molt enriquidora la qual ha perm\u00e8s a l\u2019alumnat con\u00e8ixer amb major profunditat el vulcanisme, i&hellip;  <a href=\"https:\/\/agora.xtec.cat\/iesdelvoltreganes\/general\/xerrada-sobre-volcans\/\" title=\"Read Xerrada sobre volcans\">Llegeix m\u00e9s\u00bb<\/a><\/p>\n","protected":false},"author":6,"featured_media":0,"comment_status":"closed","ping_status":"closed","sticky":false,"template":"","format":"standard","meta":{"_bbp_topic_count":0,"_bbp_reply_count":0,"_bbp_total_topic_count":0,"_bbp_total_reply_count":0,"_bbp_voice_count":0,"_bbp_anonymous_reply_count":0,"_bbp_topic_count_hidden":0,"_bbp_reply_count_hidden":0,"_bbp_forum_subforum_count":0,"footnotes":""},"categories":[65,7,1,29],"tags":[44],"class_list":["post-5766","post","type-post","status-publish","format-standard","hentry","category-ciencies-experimentals","category-eso-4","category-general","category-portada","tag-xerrades"],"post_mailing_queue_ids":[],"_links":{"self":[{"href":"https:\/\/agora.xtec.cat\/iesdelvoltreganes\/wp-json\/wp\/v2\/posts\/5766","targetHints":{"allow":["GET"]}}],"collection":[{"href":"https:\/\/agora.xtec.cat\/iesdelvoltreganes\/wp-json\/wp\/v2\/posts"}],"about":[{"href":"https:\/\/agora.xtec.cat\/iesdelvoltreganes\/wp-json\/wp\/v2\/types\/post"}],"author":[{"embeddable":true,"href":"https:\/\/agora.xtec.cat\/iesdelvoltreganes\/wp-json\/wp\/v2\/users\/6"}],"replies":[{"embeddable":true,"href":"https:\/\/agora.xtec.cat\/iesdelvoltreganes\/wp-json\/wp\/v2\/comments?post=5766"}],"version-history":[{"count":1,"href":"https:\/\/agora.xtec.cat\/iesdelvoltreganes\/wp-json\/wp\/v2\/posts\/5766\/revisions"}],"predecessor-version":[{"id":5768,"href":"https:\/\/agora.xtec.cat\/iesdelvoltreganes\/wp-json\/wp\/v2\/posts\/5766\/revisions\/5768"}],"wp:attachment":[{"href":"https:\/\/agora.xtec.cat\/iesdelvoltreganes\/wp-json\/wp\/v2\/media?parent=5766"}],"wp:term":[{"taxonomy":"category","embeddable":true,"href":"https:\/\/agora.xtec.cat\/iesdelvoltreganes\/wp-json\/wp\/v2\/categories?post=5766"},{"taxonomy":"post_tag","embeddable":true,"href":"https:\/\/agora.xtec.cat\/iesdelvoltreganes\/wp-json\/wp\/v2\/tags?post=5766"}],"curies":[{"name":"wp","href":"https:\/\/api.w.org\/{rel}","templated":true}]}}