{"id":5761,"date":"2023-01-08T14:42:59","date_gmt":"2023-01-08T13:42:59","guid":{"rendered":"https:\/\/agora.xtec.cat\/iesdelvoltreganes\/?p=5761"},"modified":"2023-01-13T08:45:58","modified_gmt":"2023-01-13T07:45:58","slug":"construccio-duna-marioneta","status":"publish","type":"post","link":"https:\/\/agora.xtec.cat\/iesdelvoltreganes\/general\/construccio-duna-marioneta\/","title":{"rendered":"Construcci\u00f3 d&#8217;una marioneta"},"content":{"rendered":"<p>A tecnologia estem estudiant els materials, i al taller hem constru\u00eft una marioneta. \u00c9s un treball en qu\u00e8 hem fet servir diferents materials: pasta de paper, teixit, llist\u00f3 de fusta, pintures de diferents colors, i diferents eines com l&#8217;agulla de cosir, la serra d&#8217;arquet, el trepant de sobretaula o el martell. Hem modelat, hem pintat, hem cosit, i el resultat final ha estat magn\u00edfic.<\/p>\n<p><a href=\"https:\/\/photos.app.goo.gl\/5EwenjuVFzDGtffo9\" target=\"_blank\" rel=\"noopener\"><img loading=\"lazy\" decoding=\"async\" class=\"aligncenter wp-image-5824 size-medium\" src=\"https:\/\/agora.xtec.cat\/iesdelvoltreganes\/wp-content\/uploads\/usu618\/2023\/01\/IMG_20221219_131904-225x300.jpg\" alt=\"\" width=\"225\" height=\"300\" srcset=\"https:\/\/agora.xtec.cat\/iesdelvoltreganes\/wp-content\/uploads\/usu618\/2023\/01\/IMG_20221219_131904-225x300.jpg 225w, https:\/\/agora.xtec.cat\/iesdelvoltreganes\/wp-content\/uploads\/usu618\/2023\/01\/IMG_20221219_131904-768x1024.jpg 768w, https:\/\/agora.xtec.cat\/iesdelvoltreganes\/wp-content\/uploads\/usu618\/2023\/01\/IMG_20221219_131904-1152x1536.jpg 1152w, https:\/\/agora.xtec.cat\/iesdelvoltreganes\/wp-content\/uploads\/usu618\/2023\/01\/IMG_20221219_131904-1536x2048.jpg 1536w, https:\/\/agora.xtec.cat\/iesdelvoltreganes\/wp-content\/uploads\/usu618\/2023\/01\/IMG_20221219_131904-scaled.jpg 1920w\" sizes=\"auto, (max-width: 225px) 100vw, 225px\" \/><\/a><\/p>\n","protected":false},"excerpt":{"rendered":"<p>A tecnologia estem estudiant els materials, i al taller hem constru\u00eft una marioneta. \u00c9s un treball en qu\u00e8 hem fet servir diferents materials: pasta de paper, teixit, llist\u00f3 de fusta, pintures de diferents colors, i diferents eines com l&#8217;agulla de cosir, la serra d&#8217;arquet, el&hellip;  <a href=\"https:\/\/agora.xtec.cat\/iesdelvoltreganes\/general\/construccio-duna-marioneta\/\" title=\"Read Construcci\u00f3 d&#8217;una marioneta\">Llegeix m\u00e9s\u00bb<\/a><\/p>\n","protected":false},"author":6,"featured_media":0,"comment_status":"closed","ping_status":"closed","sticky":false,"template":"","format":"standard","meta":{"_bbp_topic_count":0,"_bbp_reply_count":0,"_bbp_total_topic_count":0,"_bbp_total_reply_count":0,"_bbp_voice_count":0,"_bbp_anonymous_reply_count":0,"_bbp_topic_count_hidden":0,"_bbp_reply_count_hidden":0,"_bbp_forum_subforum_count":0,"footnotes":""},"categories":[5,1,29,64],"tags":[87],"class_list":["post-5761","post","type-post","status-publish","format-standard","hentry","category-eso-2","category-general","category-portada","category-tecnologia","tag-projectes"],"post_mailing_queue_ids":[],"_links":{"self":[{"href":"https:\/\/agora.xtec.cat\/iesdelvoltreganes\/wp-json\/wp\/v2\/posts\/5761","targetHints":{"allow":["GET"]}}],"collection":[{"href":"https:\/\/agora.xtec.cat\/iesdelvoltreganes\/wp-json\/wp\/v2\/posts"}],"about":[{"href":"https:\/\/agora.xtec.cat\/iesdelvoltreganes\/wp-json\/wp\/v2\/types\/post"}],"author":[{"embeddable":true,"href":"https:\/\/agora.xtec.cat\/iesdelvoltreganes\/wp-json\/wp\/v2\/users\/6"}],"replies":[{"embeddable":true,"href":"https:\/\/agora.xtec.cat\/iesdelvoltreganes\/wp-json\/wp\/v2\/comments?post=5761"}],"version-history":[{"count":3,"href":"https:\/\/agora.xtec.cat\/iesdelvoltreganes\/wp-json\/wp\/v2\/posts\/5761\/revisions"}],"predecessor-version":[{"id":5825,"href":"https:\/\/agora.xtec.cat\/iesdelvoltreganes\/wp-json\/wp\/v2\/posts\/5761\/revisions\/5825"}],"wp:attachment":[{"href":"https:\/\/agora.xtec.cat\/iesdelvoltreganes\/wp-json\/wp\/v2\/media?parent=5761"}],"wp:term":[{"taxonomy":"category","embeddable":true,"href":"https:\/\/agora.xtec.cat\/iesdelvoltreganes\/wp-json\/wp\/v2\/categories?post=5761"},{"taxonomy":"post_tag","embeddable":true,"href":"https:\/\/agora.xtec.cat\/iesdelvoltreganes\/wp-json\/wp\/v2\/tags?post=5761"}],"curies":[{"name":"wp","href":"https:\/\/api.w.org\/{rel}","templated":true}]}}