{"id":5754,"date":"2022-11-28T10:13:45","date_gmt":"2022-11-28T09:13:45","guid":{"rendered":"https:\/\/agora.xtec.cat\/iesdelvoltreganes\/?p=5754"},"modified":"2022-11-28T10:41:25","modified_gmt":"2022-11-28T09:41:25","slug":"pendol-artistic","status":"publish","type":"post","link":"https:\/\/agora.xtec.cat\/iesdelvoltreganes\/general\/pendol-artistic\/","title":{"rendered":"P\u00e8ndol art\u00edstic"},"content":{"rendered":"<p><a href=\"https:\/\/photos.app.goo.gl\/eMNjT3aV8Q2qqff19\" target=\"_blank\" rel=\"noopener\"><img loading=\"lazy\" decoding=\"async\" class=\"aligncenter wp-image-5755 size-medium\" src=\"https:\/\/agora.xtec.cat\/iesdelvoltreganes\/wp-content\/uploads\/usu618\/2022\/11\/1-225x300.jpg\" alt=\"\" width=\"225\" height=\"300\" srcset=\"https:\/\/agora.xtec.cat\/iesdelvoltreganes\/wp-content\/uploads\/usu618\/2022\/11\/1-225x300.jpg 225w, https:\/\/agora.xtec.cat\/iesdelvoltreganes\/wp-content\/uploads\/usu618\/2022\/11\/1-768x1024.jpg 768w, https:\/\/agora.xtec.cat\/iesdelvoltreganes\/wp-content\/uploads\/usu618\/2022\/11\/1-1152x1536.jpg 1152w, https:\/\/agora.xtec.cat\/iesdelvoltreganes\/wp-content\/uploads\/usu618\/2022\/11\/1-1536x2048.jpg 1536w, https:\/\/agora.xtec.cat\/iesdelvoltreganes\/wp-content\/uploads\/usu618\/2022\/11\/1.jpg 1560w\" sizes=\"auto, (max-width: 225px) 100vw, 225px\" \/><\/a><\/p>\n<p>Amb els alumnes de 1r de Batxillerat de l&#8217;optativa de F\u00edsica hem fabricat dos p\u00e8ndols de Lissajous i hem anat a pintar figures geom\u00e8triques al terra de Sant Hip\u00f2lit de Voltreg\u00e0.<br \/>\nEl p\u00e8ndol de Lissajous, com qualsevol altre p\u00e8ndol, realitza un moviment peri\u00f2dic per\u00f2 amb la peculiaritat que combina dos moviments harm\u00f2nics simples perqu\u00e8 el seu ancoratge a l&#8217;estructura que l&#8217;aguanta \u00e9s diferent del p\u00e8ndol simple. Aquesta combinaci\u00f3 fa que el p\u00e8ndol de Lissajous segueixi una traject\u00f2ria el\u00edptica que es va repetint. Com que, en aquest cas, el p\u00e8ndol \u00e9s un dip\u00f2sit amb pintura a dins, la seva traject\u00f2ria queda impresa al terra.<\/p>\n","protected":false},"excerpt":{"rendered":"<p><a href=\"https:\/\/photos.app.goo.gl\/eMNjT3aV8Q2qqff19\" target=\"_blank\" rel=\"noopener\"><\/a><br \/>\nAmb els alumnes de 1r de Batxillerat de l&#8217;optativa de F\u00edsica hem fabricat dos p\u00e8ndols de Lissajous i hem anat a pintar figures geom\u00e8triques al terra de Sant Hip\u00f2lit de Voltreg\u00e0.<br \/>\nEl p\u00e8ndol de Lissajous, com qualsevol altre p\u00e8ndol, realitza un moviment peri\u00f2dic&hellip;  <a href=\"https:\/\/agora.xtec.cat\/iesdelvoltreganes\/general\/pendol-artistic\/\" title=\"Read P\u00e8ndol art\u00edstic\">Llegeix m\u00e9s\u00bb<\/a><\/p>\n","protected":false},"author":6,"featured_media":0,"comment_status":"closed","ping_status":"closed","sticky":false,"template":"","format":"standard","meta":{"_bbp_topic_count":0,"_bbp_reply_count":0,"_bbp_total_topic_count":0,"_bbp_total_reply_count":0,"_bbp_voice_count":0,"_bbp_anonymous_reply_count":0,"_bbp_topic_count_hidden":0,"_bbp_reply_count_hidden":0,"_bbp_forum_subforum_count":0,"footnotes":""},"categories":[8,65,1,29],"tags":[],"class_list":["post-5754","post","type-post","status-publish","format-standard","hentry","category-batxillerat","category-ciencies-experimentals","category-general","category-portada"],"post_mailing_queue_ids":[],"_links":{"self":[{"href":"https:\/\/agora.xtec.cat\/iesdelvoltreganes\/wp-json\/wp\/v2\/posts\/5754","targetHints":{"allow":["GET"]}}],"collection":[{"href":"https:\/\/agora.xtec.cat\/iesdelvoltreganes\/wp-json\/wp\/v2\/posts"}],"about":[{"href":"https:\/\/agora.xtec.cat\/iesdelvoltreganes\/wp-json\/wp\/v2\/types\/post"}],"author":[{"embeddable":true,"href":"https:\/\/agora.xtec.cat\/iesdelvoltreganes\/wp-json\/wp\/v2\/users\/6"}],"replies":[{"embeddable":true,"href":"https:\/\/agora.xtec.cat\/iesdelvoltreganes\/wp-json\/wp\/v2\/comments?post=5754"}],"version-history":[{"count":3,"href":"https:\/\/agora.xtec.cat\/iesdelvoltreganes\/wp-json\/wp\/v2\/posts\/5754\/revisions"}],"predecessor-version":[{"id":5760,"href":"https:\/\/agora.xtec.cat\/iesdelvoltreganes\/wp-json\/wp\/v2\/posts\/5754\/revisions\/5760"}],"wp:attachment":[{"href":"https:\/\/agora.xtec.cat\/iesdelvoltreganes\/wp-json\/wp\/v2\/media?parent=5754"}],"wp:term":[{"taxonomy":"category","embeddable":true,"href":"https:\/\/agora.xtec.cat\/iesdelvoltreganes\/wp-json\/wp\/v2\/categories?post=5754"},{"taxonomy":"post_tag","embeddable":true,"href":"https:\/\/agora.xtec.cat\/iesdelvoltreganes\/wp-json\/wp\/v2\/tags?post=5754"}],"curies":[{"name":"wp","href":"https:\/\/api.w.org\/{rel}","templated":true}]}}