{"id":5746,"date":"2022-11-24T19:43:32","date_gmt":"2022-11-24T18:43:32","guid":{"rendered":"https:\/\/agora.xtec.cat\/iesdelvoltreganes\/?p=5746"},"modified":"2022-11-24T19:43:55","modified_gmt":"2022-11-24T18:43:55","slug":"museu-del-coure","status":"publish","type":"post","link":"https:\/\/agora.xtec.cat\/iesdelvoltreganes\/general\/museu-del-coure\/","title":{"rendered":"Museu del coure"},"content":{"rendered":"<p><a href=\"https:\/\/agora.xtec.cat\/iesdelvoltreganes\/wp-content\/uploads\/usu618\/2022\/11\/IMG_20221124_095138-scaled.jpg\" target=\"_blank\" rel=\"https:\/\/photos.app.goo.gl\/HVcR6evVDxwSiQ5G8 noopener\"><img loading=\"lazy\" decoding=\"async\" class=\"aligncenter wp-image-5749 size-medium\" src=\"https:\/\/agora.xtec.cat\/iesdelvoltreganes\/wp-content\/uploads\/usu618\/2022\/11\/IMG_20221124_095138-225x300.jpg\" alt=\"\" width=\"225\" height=\"300\" srcset=\"https:\/\/agora.xtec.cat\/iesdelvoltreganes\/wp-content\/uploads\/usu618\/2022\/11\/IMG_20221124_095138-225x300.jpg 225w, https:\/\/agora.xtec.cat\/iesdelvoltreganes\/wp-content\/uploads\/usu618\/2022\/11\/IMG_20221124_095138-768x1024.jpg 768w, https:\/\/agora.xtec.cat\/iesdelvoltreganes\/wp-content\/uploads\/usu618\/2022\/11\/IMG_20221124_095138-1152x1536.jpg 1152w, https:\/\/agora.xtec.cat\/iesdelvoltreganes\/wp-content\/uploads\/usu618\/2022\/11\/IMG_20221124_095138-1536x2048.jpg 1536w, https:\/\/agora.xtec.cat\/iesdelvoltreganes\/wp-content\/uploads\/usu618\/2022\/11\/IMG_20221124_095138-scaled.jpg 1920w\" sizes=\"auto, (max-width: 225px) 100vw, 225px\" \/><\/a><\/p>\n<p>Els alumnes de 2n d&#8217;ESO hem visitat el Museu del Coure de La Farga Lacambra. El museu mostra la hist\u00f2ria de l\u2019empresa, l\u2019element coure amb les seves propietats qu\u00edmiques i tecnol\u00f2giques i els processos industrials d\u2019obtenci\u00f3, elaboraci\u00f3 i purificaci\u00f3 del coure.<br \/>\nEl m\u00e9s interessant ha estat la visita a dins l\u2019empresa, on hem pogut veure els forns, la colada cont\u00ednua i els diferents productes que en surten.<\/p>\n","protected":false},"excerpt":{"rendered":"<p><a href=\"https:\/\/agora.xtec.cat\/iesdelvoltreganes\/wp-content\/uploads\/usu618\/2022\/11\/IMG_20221124_095138-scaled.jpg\" target=\"_blank\" rel=\"https:\/\/photos.app.goo.gl\/HVcR6evVDxwSiQ5G8 noopener\"><\/a><br \/>\nEls alumnes de 2n d&#8217;ESO hem visitat el Museu del Coure de La Farga Lacambra. El museu mostra la hist\u00f2ria de l\u2019empresa, l\u2019element coure amb les seves propietats qu\u00edmiques i tecnol\u00f2giques i els processos industrials d\u2019obtenci\u00f3, elaboraci\u00f3 i purificaci\u00f3 del coure.<br \/>\nEl&hellip;  <a href=\"https:\/\/agora.xtec.cat\/iesdelvoltreganes\/general\/museu-del-coure\/\" title=\"Read Museu del coure\">Llegeix m\u00e9s\u00bb<\/a><\/p>\n","protected":false},"author":6,"featured_media":0,"comment_status":"closed","ping_status":"closed","sticky":false,"template":"","format":"standard","meta":{"_bbp_topic_count":0,"_bbp_reply_count":0,"_bbp_total_topic_count":0,"_bbp_total_reply_count":0,"_bbp_voice_count":0,"_bbp_anonymous_reply_count":0,"_bbp_topic_count_hidden":0,"_bbp_reply_count_hidden":0,"_bbp_forum_subforum_count":0,"footnotes":""},"categories":[5,1,29,64],"tags":[39],"class_list":["post-5746","post","type-post","status-publish","format-standard","hentry","category-eso-2","category-general","category-portada","category-tecnologia","tag-sortides"],"post_mailing_queue_ids":[],"_links":{"self":[{"href":"https:\/\/agora.xtec.cat\/iesdelvoltreganes\/wp-json\/wp\/v2\/posts\/5746","targetHints":{"allow":["GET"]}}],"collection":[{"href":"https:\/\/agora.xtec.cat\/iesdelvoltreganes\/wp-json\/wp\/v2\/posts"}],"about":[{"href":"https:\/\/agora.xtec.cat\/iesdelvoltreganes\/wp-json\/wp\/v2\/types\/post"}],"author":[{"embeddable":true,"href":"https:\/\/agora.xtec.cat\/iesdelvoltreganes\/wp-json\/wp\/v2\/users\/6"}],"replies":[{"embeddable":true,"href":"https:\/\/agora.xtec.cat\/iesdelvoltreganes\/wp-json\/wp\/v2\/comments?post=5746"}],"version-history":[{"count":3,"href":"https:\/\/agora.xtec.cat\/iesdelvoltreganes\/wp-json\/wp\/v2\/posts\/5746\/revisions"}],"predecessor-version":[{"id":5750,"href":"https:\/\/agora.xtec.cat\/iesdelvoltreganes\/wp-json\/wp\/v2\/posts\/5746\/revisions\/5750"}],"wp:attachment":[{"href":"https:\/\/agora.xtec.cat\/iesdelvoltreganes\/wp-json\/wp\/v2\/media?parent=5746"}],"wp:term":[{"taxonomy":"category","embeddable":true,"href":"https:\/\/agora.xtec.cat\/iesdelvoltreganes\/wp-json\/wp\/v2\/categories?post=5746"},{"taxonomy":"post_tag","embeddable":true,"href":"https:\/\/agora.xtec.cat\/iesdelvoltreganes\/wp-json\/wp\/v2\/tags?post=5746"}],"curies":[{"name":"wp","href":"https:\/\/api.w.org\/{rel}","templated":true}]}}