{"id":5742,"date":"2022-11-22T12:29:13","date_gmt":"2022-11-22T11:29:13","guid":{"rendered":"https:\/\/agora.xtec.cat\/iesdelvoltreganes\/?p=5742"},"modified":"2022-11-24T19:53:58","modified_gmt":"2022-11-24T18:53:58","slug":"jaciment-prehistoric-de-la-draga-a-banyoles","status":"publish","type":"post","link":"https:\/\/agora.xtec.cat\/iesdelvoltreganes\/general\/jaciment-prehistoric-de-la-draga-a-banyoles\/","title":{"rendered":"Jaciment prehist\u00f2ric de la Draga a Banyoles"},"content":{"rendered":"<p dir=\"ltr\">Dilluns 21 de novembre, els alumnes de 1r d&#8217;ESO van fer una sortida al jaciment prehist\u00f2ric de la Draga a Banyoles. Durant la sortida van poder experimentar com vivien els nostres avantpassats del Neol\u00edtic a trav\u00e9s de diferents tallers. Van poder veure com feien la farina, el foc, com ca\u00e7aven i com feien les eines.\u00a0Una sortida cultural, hist\u00f2rica i din\u00e0mica que els va entusiasmar!<\/p>\n<p dir=\"ltr\"><a href=\"https:\/\/photos.app.goo.gl\/o8qDHxNPk1GbVeJ69\" target=\"_blank\" rel=\"noopener\"><img loading=\"lazy\" decoding=\"async\" class=\"aligncenter wp-image-5744 size-medium\" src=\"https:\/\/agora.xtec.cat\/iesdelvoltreganes\/wp-content\/uploads\/usu618\/2022\/11\/FOTO-GRUP_20221121_095835-300x135.jpg\" alt=\"\" width=\"300\" height=\"135\" srcset=\"https:\/\/agora.xtec.cat\/iesdelvoltreganes\/wp-content\/uploads\/usu618\/2022\/11\/FOTO-GRUP_20221121_095835-300x135.jpg 300w, https:\/\/agora.xtec.cat\/iesdelvoltreganes\/wp-content\/uploads\/usu618\/2022\/11\/FOTO-GRUP_20221121_095835-1024x461.jpg 1024w, https:\/\/agora.xtec.cat\/iesdelvoltreganes\/wp-content\/uploads\/usu618\/2022\/11\/FOTO-GRUP_20221121_095835-768x346.jpg 768w, https:\/\/agora.xtec.cat\/iesdelvoltreganes\/wp-content\/uploads\/usu618\/2022\/11\/FOTO-GRUP_20221121_095835-1536x692.jpg 1536w, https:\/\/agora.xtec.cat\/iesdelvoltreganes\/wp-content\/uploads\/usu618\/2022\/11\/FOTO-GRUP_20221121_095835.jpg 2016w\" sizes=\"auto, (max-width: 300px) 100vw, 300px\" \/><\/a><\/p>\n<p dir=\"ltr\">\n","protected":false},"excerpt":{"rendered":"<p>Dilluns 21 de novembre, els alumnes de 1r d&#8217;ESO van fer una sortida al jaciment prehist\u00f2ric de la Draga a Banyoles. Durant la sortida van poder experimentar com vivien els nostres avantpassats del Neol\u00edtic a trav\u00e9s de diferents tallers. Van poder veure com feien la&hellip;  <a href=\"https:\/\/agora.xtec.cat\/iesdelvoltreganes\/general\/jaciment-prehistoric-de-la-draga-a-banyoles\/\" title=\"Read Jaciment prehist\u00f2ric de la Draga a Banyoles\">Llegeix m\u00e9s\u00bb<\/a><\/p>\n","protected":false},"author":6,"featured_media":0,"comment_status":"closed","ping_status":"closed","sticky":false,"template":"","format":"standard","meta":{"_bbp_topic_count":0,"_bbp_reply_count":0,"_bbp_total_topic_count":0,"_bbp_total_reply_count":0,"_bbp_voice_count":0,"_bbp_anonymous_reply_count":0,"_bbp_topic_count_hidden":0,"_bbp_reply_count_hidden":0,"_bbp_forum_subforum_count":0,"footnotes":""},"categories":[66,4,1,29],"tags":[39],"class_list":["post-5742","post","type-post","status-publish","format-standard","hentry","category-ciencies-socials","category-eso-1","category-general","category-portada","tag-sortides"],"post_mailing_queue_ids":[],"_links":{"self":[{"href":"https:\/\/agora.xtec.cat\/iesdelvoltreganes\/wp-json\/wp\/v2\/posts\/5742","targetHints":{"allow":["GET"]}}],"collection":[{"href":"https:\/\/agora.xtec.cat\/iesdelvoltreganes\/wp-json\/wp\/v2\/posts"}],"about":[{"href":"https:\/\/agora.xtec.cat\/iesdelvoltreganes\/wp-json\/wp\/v2\/types\/post"}],"author":[{"embeddable":true,"href":"https:\/\/agora.xtec.cat\/iesdelvoltreganes\/wp-json\/wp\/v2\/users\/6"}],"replies":[{"embeddable":true,"href":"https:\/\/agora.xtec.cat\/iesdelvoltreganes\/wp-json\/wp\/v2\/comments?post=5742"}],"version-history":[{"count":3,"href":"https:\/\/agora.xtec.cat\/iesdelvoltreganes\/wp-json\/wp\/v2\/posts\/5742\/revisions"}],"predecessor-version":[{"id":5753,"href":"https:\/\/agora.xtec.cat\/iesdelvoltreganes\/wp-json\/wp\/v2\/posts\/5742\/revisions\/5753"}],"wp:attachment":[{"href":"https:\/\/agora.xtec.cat\/iesdelvoltreganes\/wp-json\/wp\/v2\/media?parent=5742"}],"wp:term":[{"taxonomy":"category","embeddable":true,"href":"https:\/\/agora.xtec.cat\/iesdelvoltreganes\/wp-json\/wp\/v2\/categories?post=5742"},{"taxonomy":"post_tag","embeddable":true,"href":"https:\/\/agora.xtec.cat\/iesdelvoltreganes\/wp-json\/wp\/v2\/tags?post=5742"}],"curies":[{"name":"wp","href":"https:\/\/api.w.org\/{rel}","templated":true}]}}