{"id":5733,"date":"2022-11-11T09:31:40","date_gmt":"2022-11-11T08:31:40","guid":{"rendered":"https:\/\/agora.xtec.cat\/iesdelvoltreganes\/?p=5733"},"modified":"2023-03-01T19:04:03","modified_gmt":"2023-03-01T18:04:03","slug":"installacio-electrica-domestica","status":"publish","type":"post","link":"https:\/\/agora.xtec.cat\/iesdelvoltreganes\/general\/installacio-electrica-domestica\/","title":{"rendered":"Instal\u00b7laci\u00f3 el\u00e8ctrica dom\u00e8stica"},"content":{"rendered":"<p><a href=\"https:\/\/photos.app.goo.gl\/BEZnc3FNSmEoC9s87\" target=\"_blank\" rel=\"noopener\"><img loading=\"lazy\" decoding=\"async\" class=\"wp-image-5734 size-medium aligncenter\" src=\"https:\/\/agora.xtec.cat\/iesdelvoltreganes\/wp-content\/uploads\/usu618\/2022\/11\/IMG_20221108_131805-225x300.jpg\" alt=\"\" width=\"225\" height=\"300\" srcset=\"https:\/\/agora.xtec.cat\/iesdelvoltreganes\/wp-content\/uploads\/usu618\/2022\/11\/IMG_20221108_131805-225x300.jpg 225w, https:\/\/agora.xtec.cat\/iesdelvoltreganes\/wp-content\/uploads\/usu618\/2022\/11\/IMG_20221108_131805-768x1024.jpg 768w, https:\/\/agora.xtec.cat\/iesdelvoltreganes\/wp-content\/uploads\/usu618\/2022\/11\/IMG_20221108_131805-1152x1536.jpg 1152w, https:\/\/agora.xtec.cat\/iesdelvoltreganes\/wp-content\/uploads\/usu618\/2022\/11\/IMG_20221108_131805-1536x2048.jpg 1536w, https:\/\/agora.xtec.cat\/iesdelvoltreganes\/wp-content\/uploads\/usu618\/2022\/11\/IMG_20221108_131805.jpg 1560w\" sizes=\"auto, (max-width: 225px) 100vw, 225px\" \/><\/a><\/p>\n<p>Els alumnes de 4t d\u2019ESO han posat en pr\u00e0ctica els coneixements te\u00f2rics sobre la instal\u00b7laci\u00f3 el\u00e8ctrica d\u2019un habitatge. Han muntat una instal\u00b7laci\u00f3 damunt d\u2019un plaf\u00f3 de DM amb el dibuix de les diferents habitacions. Ara saben els colors de les fases, del neutre i del terra, i com es munten un interruptor, un commutador i un commutador d\u2019encreuament.<\/p>\n","protected":false},"excerpt":{"rendered":"<p><a href=\"https:\/\/photos.app.goo.gl\/BEZnc3FNSmEoC9s87\" target=\"_blank\" rel=\"noopener\"><\/a><br \/>\nEls alumnes de 4t d\u2019ESO han posat en pr\u00e0ctica els coneixements te\u00f2rics sobre la instal\u00b7laci\u00f3 el\u00e8ctrica d\u2019un habitatge. Han muntat una instal\u00b7laci\u00f3 damunt d\u2019un plaf\u00f3 de DM amb el dibuix de les diferents habitacions. Ara saben els colors de les fases, del&hellip;  <a href=\"https:\/\/agora.xtec.cat\/iesdelvoltreganes\/general\/installacio-electrica-domestica\/\" title=\"Read Instal\u00b7laci\u00f3 el\u00e8ctrica dom\u00e8stica\">Llegeix m\u00e9s\u00bb<\/a><\/p>\n","protected":false},"author":6,"featured_media":0,"comment_status":"closed","ping_status":"closed","sticky":false,"template":"","format":"standard","meta":{"_bbp_topic_count":0,"_bbp_reply_count":0,"_bbp_total_topic_count":0,"_bbp_total_reply_count":0,"_bbp_voice_count":0,"_bbp_anonymous_reply_count":0,"_bbp_topic_count_hidden":0,"_bbp_reply_count_hidden":0,"_bbp_forum_subforum_count":0,"footnotes":""},"categories":[7,1,29,64],"tags":[],"class_list":["post-5733","post","type-post","status-publish","format-standard","hentry","category-eso-4","category-general","category-portada","category-tecnologia"],"post_mailing_queue_ids":[],"_links":{"self":[{"href":"https:\/\/agora.xtec.cat\/iesdelvoltreganes\/wp-json\/wp\/v2\/posts\/5733","targetHints":{"allow":["GET"]}}],"collection":[{"href":"https:\/\/agora.xtec.cat\/iesdelvoltreganes\/wp-json\/wp\/v2\/posts"}],"about":[{"href":"https:\/\/agora.xtec.cat\/iesdelvoltreganes\/wp-json\/wp\/v2\/types\/post"}],"author":[{"embeddable":true,"href":"https:\/\/agora.xtec.cat\/iesdelvoltreganes\/wp-json\/wp\/v2\/users\/6"}],"replies":[{"embeddable":true,"href":"https:\/\/agora.xtec.cat\/iesdelvoltreganes\/wp-json\/wp\/v2\/comments?post=5733"}],"version-history":[{"count":2,"href":"https:\/\/agora.xtec.cat\/iesdelvoltreganes\/wp-json\/wp\/v2\/posts\/5733\/revisions"}],"predecessor-version":[{"id":5736,"href":"https:\/\/agora.xtec.cat\/iesdelvoltreganes\/wp-json\/wp\/v2\/posts\/5733\/revisions\/5736"}],"wp:attachment":[{"href":"https:\/\/agora.xtec.cat\/iesdelvoltreganes\/wp-json\/wp\/v2\/media?parent=5733"}],"wp:term":[{"taxonomy":"category","embeddable":true,"href":"https:\/\/agora.xtec.cat\/iesdelvoltreganes\/wp-json\/wp\/v2\/categories?post=5733"},{"taxonomy":"post_tag","embeddable":true,"href":"https:\/\/agora.xtec.cat\/iesdelvoltreganes\/wp-json\/wp\/v2\/tags?post=5733"}],"curies":[{"name":"wp","href":"https:\/\/api.w.org\/{rel}","templated":true}]}}