{"id":5693,"date":"2022-10-19T09:37:09","date_gmt":"2022-10-19T07:37:09","guid":{"rendered":"https:\/\/agora.xtec.cat\/iesdelvoltreganes\/?p=5693"},"modified":"2022-10-21T12:33:06","modified_gmt":"2022-10-21T10:33:06","slug":"castanyada-4","status":"publish","type":"post","link":"https:\/\/agora.xtec.cat\/iesdelvoltreganes\/eso\/eso-4\/castanyada-4\/","title":{"rendered":"Castanyada"},"content":{"rendered":"<p>&nbsp;<\/p>\n<p><a href=\"https:\/\/agora.xtec.cat\/iesdelvoltreganes\/wp-content\/uploads\/usu618\/2022\/10\/Poster-Festa-Castanyada-Illustratiu-Beix-Groc-Fosc-Marro-Taronja-1.png\"><img loading=\"lazy\" decoding=\"async\" class=\"size-medium wp-image-5705 aligncenter\" src=\"https:\/\/agora.xtec.cat\/iesdelvoltreganes\/wp-content\/uploads\/usu618\/2022\/10\/Poster-Festa-Castanyada-Illustratiu-Beix-Groc-Fosc-Marro-Taronja-1-212x300.png\" alt=\"\" width=\"212\" height=\"300\" srcset=\"https:\/\/agora.xtec.cat\/iesdelvoltreganes\/wp-content\/uploads\/usu618\/2022\/10\/Poster-Festa-Castanyada-Illustratiu-Beix-Groc-Fosc-Marro-Taronja-1-212x300.png 212w, https:\/\/agora.xtec.cat\/iesdelvoltreganes\/wp-content\/uploads\/usu618\/2022\/10\/Poster-Festa-Castanyada-Illustratiu-Beix-Groc-Fosc-Marro-Taronja-1-724x1024.png 724w, https:\/\/agora.xtec.cat\/iesdelvoltreganes\/wp-content\/uploads\/usu618\/2022\/10\/Poster-Festa-Castanyada-Illustratiu-Beix-Groc-Fosc-Marro-Taronja-1-768x1086.png 768w, https:\/\/agora.xtec.cat\/iesdelvoltreganes\/wp-content\/uploads\/usu618\/2022\/10\/Poster-Festa-Castanyada-Illustratiu-Beix-Groc-Fosc-Marro-Taronja-1-1086x1536.png 1086w, https:\/\/agora.xtec.cat\/iesdelvoltreganes\/wp-content\/uploads\/usu618\/2022\/10\/Poster-Festa-Castanyada-Illustratiu-Beix-Groc-Fosc-Marro-Taronja-1-1448x2048.png 1448w, https:\/\/agora.xtec.cat\/iesdelvoltreganes\/wp-content\/uploads\/usu618\/2022\/10\/Poster-Festa-Castanyada-Illustratiu-Beix-Groc-Fosc-Marro-Taronja-1.png 1587w\" sizes=\"auto, (max-width: 212px) 100vw, 212px\" \/><\/a><\/p>\n<p>El divendres 28 d&#8217;octubre tindr\u00e0 lloc la Castanyada popular. Es repartiran castanyes a l&#8217;hora del pati i posteriorment, a les sis de la tarda, es far\u00e0 castanyada popular oberta a les fam\u00edlies. Per tal de poder participar, cal fer inscripci\u00f3 pr\u00e8via a les graelles que trobareu a les aules o b\u00e9 posar-se en contacte amb els alumnes de quart d&#8217;ESO. Hi ha temps de fer l&#8217;inscripci\u00f3 fins dimarts 25 d&#8217;octubre.<\/p>\n","protected":false},"excerpt":{"rendered":"<p>&nbsp;<br \/>\n<a href=\"https:\/\/agora.xtec.cat\/iesdelvoltreganes\/wp-content\/uploads\/usu618\/2022\/10\/Poster-Festa-Castanyada-Illustratiu-Beix-Groc-Fosc-Marro-Taronja-1.png\"><\/a><br \/>\nEl divendres 28 d&#8217;octubre tindr\u00e0 lloc la Castanyada popular. Es repartiran castanyes a l&#8217;hora del pati i posteriorment, a les sis de la tarda, es far\u00e0 castanyada popular oberta a les fam\u00edlies. Per tal de poder participar, cal fer inscripci\u00f3 pr\u00e8via a les graelles&hellip;  <a href=\"https:\/\/agora.xtec.cat\/iesdelvoltreganes\/eso\/eso-4\/castanyada-4\/\" title=\"Read Castanyada\">Llegeix m\u00e9s\u00bb<\/a><\/p>\n","protected":false},"author":6,"featured_media":0,"comment_status":"closed","ping_status":"closed","sticky":false,"template":"","format":"standard","meta":{"_bbp_topic_count":0,"_bbp_reply_count":0,"_bbp_total_topic_count":0,"_bbp_total_reply_count":0,"_bbp_voice_count":0,"_bbp_anonymous_reply_count":0,"_bbp_topic_count_hidden":0,"_bbp_reply_count_hidden":0,"_bbp_forum_subforum_count":0,"footnotes":""},"categories":[7,29],"tags":[],"class_list":["post-5693","post","type-post","status-publish","format-standard","hentry","category-eso-4","category-portada"],"post_mailing_queue_ids":[],"_links":{"self":[{"href":"https:\/\/agora.xtec.cat\/iesdelvoltreganes\/wp-json\/wp\/v2\/posts\/5693","targetHints":{"allow":["GET"]}}],"collection":[{"href":"https:\/\/agora.xtec.cat\/iesdelvoltreganes\/wp-json\/wp\/v2\/posts"}],"about":[{"href":"https:\/\/agora.xtec.cat\/iesdelvoltreganes\/wp-json\/wp\/v2\/types\/post"}],"author":[{"embeddable":true,"href":"https:\/\/agora.xtec.cat\/iesdelvoltreganes\/wp-json\/wp\/v2\/users\/6"}],"replies":[{"embeddable":true,"href":"https:\/\/agora.xtec.cat\/iesdelvoltreganes\/wp-json\/wp\/v2\/comments?post=5693"}],"version-history":[{"count":3,"href":"https:\/\/agora.xtec.cat\/iesdelvoltreganes\/wp-json\/wp\/v2\/posts\/5693\/revisions"}],"predecessor-version":[{"id":5709,"href":"https:\/\/agora.xtec.cat\/iesdelvoltreganes\/wp-json\/wp\/v2\/posts\/5693\/revisions\/5709"}],"wp:attachment":[{"href":"https:\/\/agora.xtec.cat\/iesdelvoltreganes\/wp-json\/wp\/v2\/media?parent=5693"}],"wp:term":[{"taxonomy":"category","embeddable":true,"href":"https:\/\/agora.xtec.cat\/iesdelvoltreganes\/wp-json\/wp\/v2\/categories?post=5693"},{"taxonomy":"post_tag","embeddable":true,"href":"https:\/\/agora.xtec.cat\/iesdelvoltreganes\/wp-json\/wp\/v2\/tags?post=5693"}],"curies":[{"name":"wp","href":"https:\/\/api.w.org\/{rel}","templated":true}]}}