{"id":5665,"date":"2022-09-30T13:15:15","date_gmt":"2022-09-30T11:15:15","guid":{"rendered":"https:\/\/agora.xtec.cat\/iesdelvoltreganes\/?p=5665"},"modified":"2022-10-03T10:19:01","modified_gmt":"2022-10-03T08:19:01","slug":"reunio-de-pares-4","status":"publish","type":"post","link":"https:\/\/agora.xtec.cat\/iesdelvoltreganes\/general\/reunio-de-pares-4\/","title":{"rendered":"Reuni\u00f3 de pares"},"content":{"rendered":"<h2><strong><span style=\"color: #ff0000;\">Dijous 6 d&#8217;octubre a les 7 de la tarda ESO i a les 7:30 batxillerat.<\/span><\/strong><\/h2>\n<p>El tutor de grup us enviar\u00e0 l&#8217;enlla\u00e7 a la reuni\u00f3.<\/p>\n","protected":false},"excerpt":{"rendered":"<p>Dijous 6 d&#8217;octubre a les 7 de la tarda ESO i a les 7:30 batxillerat.<br \/>\nEl tutor de grup us enviar\u00e0 l&#8217;enlla\u00e7 a la reuni\u00f3.<\/p>\n","protected":false},"author":6,"featured_media":0,"comment_status":"closed","ping_status":"closed","sticky":false,"template":"","format":"standard","meta":{"_bbp_topic_count":0,"_bbp_reply_count":0,"_bbp_total_topic_count":0,"_bbp_total_reply_count":0,"_bbp_voice_count":0,"_bbp_anonymous_reply_count":0,"_bbp_topic_count_hidden":0,"_bbp_reply_count_hidden":0,"_bbp_forum_subforum_count":0,"footnotes":""},"categories":[1,29],"tags":[],"class_list":["post-5665","post","type-post","status-publish","format-standard","hentry","category-general","category-portada"],"post_mailing_queue_ids":[],"_links":{"self":[{"href":"https:\/\/agora.xtec.cat\/iesdelvoltreganes\/wp-json\/wp\/v2\/posts\/5665","targetHints":{"allow":["GET"]}}],"collection":[{"href":"https:\/\/agora.xtec.cat\/iesdelvoltreganes\/wp-json\/wp\/v2\/posts"}],"about":[{"href":"https:\/\/agora.xtec.cat\/iesdelvoltreganes\/wp-json\/wp\/v2\/types\/post"}],"author":[{"embeddable":true,"href":"https:\/\/agora.xtec.cat\/iesdelvoltreganes\/wp-json\/wp\/v2\/users\/6"}],"replies":[{"embeddable":true,"href":"https:\/\/agora.xtec.cat\/iesdelvoltreganes\/wp-json\/wp\/v2\/comments?post=5665"}],"version-history":[{"count":3,"href":"https:\/\/agora.xtec.cat\/iesdelvoltreganes\/wp-json\/wp\/v2\/posts\/5665\/revisions"}],"predecessor-version":[{"id":5668,"href":"https:\/\/agora.xtec.cat\/iesdelvoltreganes\/wp-json\/wp\/v2\/posts\/5665\/revisions\/5668"}],"wp:attachment":[{"href":"https:\/\/agora.xtec.cat\/iesdelvoltreganes\/wp-json\/wp\/v2\/media?parent=5665"}],"wp:term":[{"taxonomy":"category","embeddable":true,"href":"https:\/\/agora.xtec.cat\/iesdelvoltreganes\/wp-json\/wp\/v2\/categories?post=5665"},{"taxonomy":"post_tag","embeddable":true,"href":"https:\/\/agora.xtec.cat\/iesdelvoltreganes\/wp-json\/wp\/v2\/tags?post=5665"}],"curies":[{"name":"wp","href":"https:\/\/api.w.org\/{rel}","templated":true}]}}