{"id":5611,"date":"2022-06-26T09:18:44","date_gmt":"2022-06-26T07:18:44","guid":{"rendered":"https:\/\/agora.xtec.cat\/iesdelvoltreganes\/?p=5611"},"modified":"2022-06-26T09:23:07","modified_gmt":"2022-06-26T07:23:07","slug":"fem-musica","status":"publish","type":"post","link":"https:\/\/agora.xtec.cat\/iesdelvoltreganes\/general\/fem-musica\/","title":{"rendered":"Fem m\u00fasica!"},"content":{"rendered":"<p>Aqu\u00ed teniu una mostra del treball que hem fet aquest curs a l&#8217;optativa de Fem m\u00fasica! amb alguns alumnes de 2n d&#8217;ESO. Bon estiu!!!<\/p>\n<p><iframe loading=\"lazy\" title=\"YouTube video player\" src=\"\/\/www.youtube.com\/embed\/-s8LATSwKYU\" width=\"560\" height=\"315\" frameborder=\"0\" allowfullscreen=\"allowfullscreen\"><\/iframe><\/p>\n","protected":false},"excerpt":{"rendered":"<p>Aqu\u00ed teniu una mostra del treball que hem fet aquest curs a l&#8217;optativa de Fem m\u00fasica! amb alguns alumnes de 2n d&#8217;ESO. Bon estiu!!!<\/p>\n","protected":false},"author":6,"featured_media":0,"comment_status":"closed","ping_status":"closed","sticky":false,"template":"","format":"standard","meta":{"_bbp_topic_count":0,"_bbp_reply_count":0,"_bbp_total_topic_count":0,"_bbp_total_reply_count":0,"_bbp_voice_count":0,"_bbp_anonymous_reply_count":0,"_bbp_topic_count_hidden":0,"_bbp_reply_count_hidden":0,"_bbp_forum_subforum_count":0,"footnotes":""},"categories":[5,1,74,29],"tags":[],"class_list":["post-5611","post","type-post","status-publish","format-standard","hentry","category-eso-2","category-general","category-musica","category-portada"],"post_mailing_queue_ids":[],"_links":{"self":[{"href":"https:\/\/agora.xtec.cat\/iesdelvoltreganes\/wp-json\/wp\/v2\/posts\/5611","targetHints":{"allow":["GET"]}}],"collection":[{"href":"https:\/\/agora.xtec.cat\/iesdelvoltreganes\/wp-json\/wp\/v2\/posts"}],"about":[{"href":"https:\/\/agora.xtec.cat\/iesdelvoltreganes\/wp-json\/wp\/v2\/types\/post"}],"author":[{"embeddable":true,"href":"https:\/\/agora.xtec.cat\/iesdelvoltreganes\/wp-json\/wp\/v2\/users\/6"}],"replies":[{"embeddable":true,"href":"https:\/\/agora.xtec.cat\/iesdelvoltreganes\/wp-json\/wp\/v2\/comments?post=5611"}],"version-history":[{"count":1,"href":"https:\/\/agora.xtec.cat\/iesdelvoltreganes\/wp-json\/wp\/v2\/posts\/5611\/revisions"}],"predecessor-version":[{"id":5613,"href":"https:\/\/agora.xtec.cat\/iesdelvoltreganes\/wp-json\/wp\/v2\/posts\/5611\/revisions\/5613"}],"wp:attachment":[{"href":"https:\/\/agora.xtec.cat\/iesdelvoltreganes\/wp-json\/wp\/v2\/media?parent=5611"}],"wp:term":[{"taxonomy":"category","embeddable":true,"href":"https:\/\/agora.xtec.cat\/iesdelvoltreganes\/wp-json\/wp\/v2\/categories?post=5611"},{"taxonomy":"post_tag","embeddable":true,"href":"https:\/\/agora.xtec.cat\/iesdelvoltreganes\/wp-json\/wp\/v2\/tags?post=5611"}],"curies":[{"name":"wp","href":"https:\/\/api.w.org\/{rel}","templated":true}]}}