{"id":5598,"date":"2022-06-14T08:48:48","date_gmt":"2022-06-14T06:48:48","guid":{"rendered":"https:\/\/agora.xtec.cat\/iesdelvoltreganes\/?p=5598"},"modified":"2022-06-14T08:50:33","modified_gmt":"2022-06-14T06:50:33","slug":"projectercs-amb-col-laboracio-amb-radio-voltrega","status":"publish","type":"post","link":"https:\/\/agora.xtec.cat\/iesdelvoltreganes\/general\/projectercs-amb-col-laboracio-amb-radio-voltrega\/","title":{"rendered":"#projecteRCS amb col.laboraci\u00f3 amb R\u00e0dio Voltreg\u00e0"},"content":{"rendered":"<p>A l&#8217;Auditori Cor de la Veu, els i les alumnes de 4t d&#8217;ESO que han realitzat el #projecteRCS amb col.laboraci\u00f3 amb R\u00e0dio Voltreg\u00e0, ahir diumenge van tancar el projecte amb un programa molt especial de cloenda davant de la regidora d&#8217;educaci\u00f3 del Sant Hip\u00f2lit, de les fam\u00edlies i els oients. Va ser molt gratificant i on van sorgir idees noves pels projectes de l&#8217;any vinent.<\/p>\n<p>Es va aprofitar tamb\u00e9, per mostrar i exposar els productes finals de la resta de projectes, els dels \u00e0mbits cientificotecnol\u00f2gics i social-art\u00edstic portats a terme aquest any dins del programa d&#8217;innovaci\u00f3 educativa esmentat.<\/p>\n<p>Des de l&#8217;institut volem agrair molt sincerament la participaci\u00f3 a les entitats a aquest programa i pels reptes tan interessants que han formulat a l&#8217;alumnat de 4t. Gr\u00e0cies als Geganters de Sant Hip\u00f2lit de Voltreg\u00e0, a la @radiovoltrega i @museudelter i <span class=\"atwho-query\">@cerm_uvic.<\/span><\/p>\n<p><a href=\"https:\/\/photos.app.goo.gl\/s1cLjw29o26oaLoW9\" target=\"_blank\" rel=\"noopener\"><img loading=\"lazy\" decoding=\"async\" class=\"alignnone wp-image-5599 size-medium\" src=\"https:\/\/agora.xtec.cat\/iesdelvoltreganes\/wp-content\/uploads\/usu618\/2022\/06\/123c5190-20a2-4549-b6ff-d88b473637af-e1655189164958-300x169.jpg\" alt=\"\" width=\"300\" height=\"169\" srcset=\"https:\/\/agora.xtec.cat\/iesdelvoltreganes\/wp-content\/uploads\/usu618\/2022\/06\/123c5190-20a2-4549-b6ff-d88b473637af-e1655189164958-300x169.jpg 300w, https:\/\/agora.xtec.cat\/iesdelvoltreganes\/wp-content\/uploads\/usu618\/2022\/06\/123c5190-20a2-4549-b6ff-d88b473637af-e1655189164958-1024x575.jpg 1024w, https:\/\/agora.xtec.cat\/iesdelvoltreganes\/wp-content\/uploads\/usu618\/2022\/06\/123c5190-20a2-4549-b6ff-d88b473637af-e1655189164958-768x432.jpg 768w, https:\/\/agora.xtec.cat\/iesdelvoltreganes\/wp-content\/uploads\/usu618\/2022\/06\/123c5190-20a2-4549-b6ff-d88b473637af-e1655189164958.jpg 1363w\" sizes=\"auto, (max-width: 300px) 100vw, 300px\" \/><\/a><\/p>\n","protected":false},"excerpt":{"rendered":"<p>A l&#8217;Auditori Cor de la Veu, els i les alumnes de 4t d&#8217;ESO que han realitzat el #projecteRCS amb col.laboraci\u00f3 amb R\u00e0dio Voltreg\u00e0, ahir diumenge van tancar el projecte amb un programa molt especial de cloenda davant de la regidora d&#8217;educaci\u00f3 del Sant Hip\u00f2lit, de&hellip;  <a href=\"https:\/\/agora.xtec.cat\/iesdelvoltreganes\/general\/projectercs-amb-col-laboracio-amb-radio-voltrega\/\" title=\"Read #projecteRCS amb col.laboraci\u00f3 amb R\u00e0dio Voltreg\u00e0\">Llegeix m\u00e9s\u00bb<\/a><\/p>\n","protected":false},"author":6,"featured_media":5599,"comment_status":"closed","ping_status":"closed","sticky":false,"template":"","format":"standard","meta":{"_bbp_topic_count":0,"_bbp_reply_count":0,"_bbp_total_topic_count":0,"_bbp_total_reply_count":0,"_bbp_voice_count":0,"_bbp_anonymous_reply_count":0,"_bbp_topic_count_hidden":0,"_bbp_reply_count_hidden":0,"_bbp_forum_subforum_count":0,"footnotes":""},"categories":[7,1,29],"tags":[],"class_list":["post-5598","post","type-post","status-publish","format-standard","has-post-thumbnail","hentry","category-eso-4","category-general","category-portada"],"post_mailing_queue_ids":[],"_links":{"self":[{"href":"https:\/\/agora.xtec.cat\/iesdelvoltreganes\/wp-json\/wp\/v2\/posts\/5598","targetHints":{"allow":["GET"]}}],"collection":[{"href":"https:\/\/agora.xtec.cat\/iesdelvoltreganes\/wp-json\/wp\/v2\/posts"}],"about":[{"href":"https:\/\/agora.xtec.cat\/iesdelvoltreganes\/wp-json\/wp\/v2\/types\/post"}],"author":[{"embeddable":true,"href":"https:\/\/agora.xtec.cat\/iesdelvoltreganes\/wp-json\/wp\/v2\/users\/6"}],"replies":[{"embeddable":true,"href":"https:\/\/agora.xtec.cat\/iesdelvoltreganes\/wp-json\/wp\/v2\/comments?post=5598"}],"version-history":[{"count":2,"href":"https:\/\/agora.xtec.cat\/iesdelvoltreganes\/wp-json\/wp\/v2\/posts\/5598\/revisions"}],"predecessor-version":[{"id":5601,"href":"https:\/\/agora.xtec.cat\/iesdelvoltreganes\/wp-json\/wp\/v2\/posts\/5598\/revisions\/5601"}],"wp:featuredmedia":[{"embeddable":true,"href":"https:\/\/agora.xtec.cat\/iesdelvoltreganes\/wp-json\/wp\/v2\/media\/5599"}],"wp:attachment":[{"href":"https:\/\/agora.xtec.cat\/iesdelvoltreganes\/wp-json\/wp\/v2\/media?parent=5598"}],"wp:term":[{"taxonomy":"category","embeddable":true,"href":"https:\/\/agora.xtec.cat\/iesdelvoltreganes\/wp-json\/wp\/v2\/categories?post=5598"},{"taxonomy":"post_tag","embeddable":true,"href":"https:\/\/agora.xtec.cat\/iesdelvoltreganes\/wp-json\/wp\/v2\/tags?post=5598"}],"curies":[{"name":"wp","href":"https:\/\/api.w.org\/{rel}","templated":true}]}}