{"id":5579,"date":"2022-05-27T09:26:43","date_gmt":"2022-05-27T07:26:43","guid":{"rendered":"https:\/\/agora.xtec.cat\/iesdelvoltreganes\/?p=5579"},"modified":"2022-05-27T11:25:02","modified_gmt":"2022-05-27T09:25:02","slug":"video-covid-19-programarcs","status":"publish","type":"post","link":"https:\/\/agora.xtec.cat\/iesdelvoltreganes\/general\/video-covid-19-programarcs\/","title":{"rendered":"V\u00eddeo Covid-19 #programaRCS"},"content":{"rendered":"<p><iframe loading=\"lazy\" title=\"YouTube video player\" src=\"\/\/www.youtube.com\/embed\/4pOiuaFKfmY\" width=\"560\" height=\"315\" frameborder=\"0\" allowfullscreen=\"allowfullscreen\"><\/iframe><\/p>\n<p>El v\u00eddeo-relat elaborat pels alumnes de 4t d&#8217;ESO del projecte amb col.laboraci\u00f3 amb l&#8217;entitat &#8220;Xarxa dels Drets dels Infants&#8221; de Barcelona, ha estat escollit i seleccionat com un dels millors v\u00eddeos d&#8217;entre els 5 centres participants de tot Catalunya. La tem\u00e0tica del v\u00eddeo ens convida a reflexionar sobre les conseq\u00fc\u00e8ncies de la pand\u00e8mia de la Covid-19. #programaRCS<br \/>\nLa nostra enhorabona.<\/p>\n","protected":false},"excerpt":{"rendered":"<p>El v\u00eddeo-relat elaborat pels alumnes de 4t d&#8217;ESO del projecte amb col.laboraci\u00f3 amb l&#8217;entitat &#8220;Xarxa dels Drets dels Infants&#8221; de Barcelona, ha estat escollit i seleccionat com un dels millors v\u00eddeos d&#8217;entre els 5 centres participants de tot Catalunya. La tem\u00e0tica del v\u00eddeo ens convida&hellip;  <a href=\"https:\/\/agora.xtec.cat\/iesdelvoltreganes\/general\/video-covid-19-programarcs\/\" title=\"Read V\u00eddeo Covid-19 #programaRCS\">Llegeix m\u00e9s\u00bb<\/a><\/p>\n","protected":false},"author":6,"featured_media":0,"comment_status":"closed","ping_status":"closed","sticky":false,"template":"","format":"standard","meta":{"_bbp_topic_count":0,"_bbp_reply_count":0,"_bbp_total_topic_count":0,"_bbp_total_reply_count":0,"_bbp_voice_count":0,"_bbp_anonymous_reply_count":0,"_bbp_topic_count_hidden":0,"_bbp_reply_count_hidden":0,"_bbp_forum_subforum_count":0,"footnotes":""},"categories":[7,1,29],"tags":[],"class_list":["post-5579","post","type-post","status-publish","format-standard","hentry","category-eso-4","category-general","category-portada"],"post_mailing_queue_ids":[],"_links":{"self":[{"href":"https:\/\/agora.xtec.cat\/iesdelvoltreganes\/wp-json\/wp\/v2\/posts\/5579","targetHints":{"allow":["GET"]}}],"collection":[{"href":"https:\/\/agora.xtec.cat\/iesdelvoltreganes\/wp-json\/wp\/v2\/posts"}],"about":[{"href":"https:\/\/agora.xtec.cat\/iesdelvoltreganes\/wp-json\/wp\/v2\/types\/post"}],"author":[{"embeddable":true,"href":"https:\/\/agora.xtec.cat\/iesdelvoltreganes\/wp-json\/wp\/v2\/users\/6"}],"replies":[{"embeddable":true,"href":"https:\/\/agora.xtec.cat\/iesdelvoltreganes\/wp-json\/wp\/v2\/comments?post=5579"}],"version-history":[{"count":2,"href":"https:\/\/agora.xtec.cat\/iesdelvoltreganes\/wp-json\/wp\/v2\/posts\/5579\/revisions"}],"predecessor-version":[{"id":5582,"href":"https:\/\/agora.xtec.cat\/iesdelvoltreganes\/wp-json\/wp\/v2\/posts\/5579\/revisions\/5582"}],"wp:attachment":[{"href":"https:\/\/agora.xtec.cat\/iesdelvoltreganes\/wp-json\/wp\/v2\/media?parent=5579"}],"wp:term":[{"taxonomy":"category","embeddable":true,"href":"https:\/\/agora.xtec.cat\/iesdelvoltreganes\/wp-json\/wp\/v2\/categories?post=5579"},{"taxonomy":"post_tag","embeddable":true,"href":"https:\/\/agora.xtec.cat\/iesdelvoltreganes\/wp-json\/wp\/v2\/tags?post=5579"}],"curies":[{"name":"wp","href":"https:\/\/api.w.org\/{rel}","templated":true}]}}