{"id":5560,"date":"2022-05-13T09:39:54","date_gmt":"2022-05-13T07:39:54","guid":{"rendered":"https:\/\/agora.xtec.cat\/iesdelvoltreganes\/?p=5560"},"modified":"2022-05-13T09:41:41","modified_gmt":"2022-05-13T07:41:41","slug":"petit-espai-en-els-informatius-locals-de-la-radio-voltrega","status":"publish","type":"post","link":"https:\/\/agora.xtec.cat\/iesdelvoltreganes\/general\/petit-espai-en-els-informatius-locals-de-la-radio-voltrega\/","title":{"rendered":"Petit espai en els informatius locals de la r\u00e0dio Voltreg\u00e0"},"content":{"rendered":"<p><a href=\"https:\/\/agora.xtec.cat\/iesdelvoltreganes\/wp-content\/uploads\/usu618\/2022\/05\/RADIOVOLTREGA.png\"><img loading=\"lazy\" decoding=\"async\" class=\"alignnone size-medium wp-image-5561\" src=\"https:\/\/agora.xtec.cat\/iesdelvoltreganes\/wp-content\/uploads\/usu618\/2022\/05\/RADIOVOLTREGA-300x109.png\" alt=\"\" width=\"300\" height=\"109\" srcset=\"https:\/\/agora.xtec.cat\/iesdelvoltreganes\/wp-content\/uploads\/usu618\/2022\/05\/RADIOVOLTREGA-300x109.png 300w, https:\/\/agora.xtec.cat\/iesdelvoltreganes\/wp-content\/uploads\/usu618\/2022\/05\/RADIOVOLTREGA-1024x372.png 1024w, https:\/\/agora.xtec.cat\/iesdelvoltreganes\/wp-content\/uploads\/usu618\/2022\/05\/RADIOVOLTREGA-768x279.png 768w, https:\/\/agora.xtec.cat\/iesdelvoltreganes\/wp-content\/uploads\/usu618\/2022\/05\/RADIOVOLTREGA-1536x558.png 1536w, https:\/\/agora.xtec.cat\/iesdelvoltreganes\/wp-content\/uploads\/usu618\/2022\/05\/RADIOVOLTREGA.png 1897w\" sizes=\"auto, (max-width: 300px) 100vw, 300px\" \/><\/a><\/p>\n<p>Aquest any l&#8217;institut del Voltregan\u00e8s tindr\u00e0 un petit espai en els informatius locals r\u00e0dio Voltreg\u00e0. Cada divendres a les 7:00, a les 8:00, a les 14:00 i a les 20:00 h podreu escoltar alguna not\u00edcia explicada pels mateixos alumnes!<\/p>\n<p style=\"font-weight: 400;\">Url&#8217;s d&#8217;emissi\u00f3 online:<\/p>\n<p style=\"font-weight: 400;\">High quality:\u00a0<a href=\"https:\/\/streaming.radiovoltrega.com\/directe\" data-saferedirecturl=\"https:\/\/www.google.com\/url?q=https:\/\/streaming.radiovoltrega.com\/directe&amp;source=gmail&amp;ust=1652513690294000&amp;usg=AOvVaw2HIDMJwXjDwUNVUw-FJ1bw\">https:\/\/streaming.radiovoltrega.com\/directe<\/a><\/p>\n<p style=\"font-weight: 400;\">Low quality:\u00a0<a href=\"https:\/\/streaming.radiovoltrega.com\/directeSD\" data-saferedirecturl=\"https:\/\/www.google.com\/url?q=https:\/\/streaming.radiovoltrega.com\/directeSD&amp;source=gmail&amp;ust=1652513690294000&amp;usg=AOvVaw0G6hXINug6ZIq5ioXko_Eo\">https:\/\/streaming.radiovoltrega.com\/directesd<\/a><\/p>\n","protected":false},"excerpt":{"rendered":"<p><a href=\"https:\/\/agora.xtec.cat\/iesdelvoltreganes\/wp-content\/uploads\/usu618\/2022\/05\/RADIOVOLTREGA.png\"><\/a><br \/>\nAquest any l&#8217;institut del Voltregan\u00e8s tindr\u00e0 un petit espai en els informatius locals r\u00e0dio Voltreg\u00e0. Cada divendres a les 7:00, a les 8:00, a les 14:00 i a les 20:00 h podreu escoltar alguna not\u00edcia explicada pels mateixos alumnes!<br \/>\nUrl&#8217;s d&#8217;emissi\u00f3 online:<br \/>\nHigh quality:\u00a0<a href=\"https:\/\/streaming.radiovoltrega.com\/directe\" data-saferedirecturl=\"https:\/\/www.google.com\/url?q=https:\/\/streaming.radiovoltrega.com\/directe&amp;source=gmail&amp;ust=1652513690294000&amp;usg=AOvVaw2HIDMJwXjDwUNVUw-FJ1bw\">https:\/\/streaming.radiovoltrega.com\/directe<\/a><br \/>\nLow&hellip;  <a href=\"https:\/\/agora.xtec.cat\/iesdelvoltreganes\/general\/petit-espai-en-els-informatius-locals-de-la-radio-voltrega\/\" title=\"Read Petit espai en els informatius locals de la r\u00e0dio Voltreg\u00e0\">Llegeix m\u00e9s\u00bb<\/a><\/p>\n","protected":false},"author":6,"featured_media":0,"comment_status":"closed","ping_status":"closed","sticky":false,"template":"","format":"standard","meta":{"_bbp_topic_count":0,"_bbp_reply_count":0,"_bbp_total_topic_count":0,"_bbp_total_reply_count":0,"_bbp_voice_count":0,"_bbp_anonymous_reply_count":0,"_bbp_topic_count_hidden":0,"_bbp_reply_count_hidden":0,"_bbp_forum_subforum_count":0,"footnotes":""},"categories":[1,29],"tags":[],"class_list":["post-5560","post","type-post","status-publish","format-standard","hentry","category-general","category-portada"],"post_mailing_queue_ids":[],"_links":{"self":[{"href":"https:\/\/agora.xtec.cat\/iesdelvoltreganes\/wp-json\/wp\/v2\/posts\/5560","targetHints":{"allow":["GET"]}}],"collection":[{"href":"https:\/\/agora.xtec.cat\/iesdelvoltreganes\/wp-json\/wp\/v2\/posts"}],"about":[{"href":"https:\/\/agora.xtec.cat\/iesdelvoltreganes\/wp-json\/wp\/v2\/types\/post"}],"author":[{"embeddable":true,"href":"https:\/\/agora.xtec.cat\/iesdelvoltreganes\/wp-json\/wp\/v2\/users\/6"}],"replies":[{"embeddable":true,"href":"https:\/\/agora.xtec.cat\/iesdelvoltreganes\/wp-json\/wp\/v2\/comments?post=5560"}],"version-history":[{"count":2,"href":"https:\/\/agora.xtec.cat\/iesdelvoltreganes\/wp-json\/wp\/v2\/posts\/5560\/revisions"}],"predecessor-version":[{"id":5563,"href":"https:\/\/agora.xtec.cat\/iesdelvoltreganes\/wp-json\/wp\/v2\/posts\/5560\/revisions\/5563"}],"wp:attachment":[{"href":"https:\/\/agora.xtec.cat\/iesdelvoltreganes\/wp-json\/wp\/v2\/media?parent=5560"}],"wp:term":[{"taxonomy":"category","embeddable":true,"href":"https:\/\/agora.xtec.cat\/iesdelvoltreganes\/wp-json\/wp\/v2\/categories?post=5560"},{"taxonomy":"post_tag","embeddable":true,"href":"https:\/\/agora.xtec.cat\/iesdelvoltreganes\/wp-json\/wp\/v2\/tags?post=5560"}],"curies":[{"name":"wp","href":"https:\/\/api.w.org\/{rel}","templated":true}]}}