{"id":546,"date":"2015-11-13T16:11:38","date_gmt":"2015-11-13T15:11:38","guid":{"rendered":"http:\/\/agora.xtec.cat\/iesdelvoltreganes\/?p=546"},"modified":"2019-09-01T18:59:35","modified_gmt":"2019-09-01T16:59:35","slug":"patrick-modiano","status":"publish","type":"post","link":"https:\/\/agora.xtec.cat\/iesdelvoltreganes\/llibres-recomanats\/patrick-modiano\/","title":{"rendered":"Patrick Modiano"},"content":{"rendered":"<div>\n<div>\n<p><span style=\"font-size: small;\">En las novelas de Modiano persiste el tema de la ausencia, de la supervivencia de las personas desaparecidas, la esperanza de encontrar un d\u00eda aquellos que hemos perdido en el pasado. Por ello, en <i>Rue des boutiques obscures<\/i>\u00a0pregunta: \u201c<i>Que reste-t-il de la vie d\u2019un homme?<\/i>\u00a0<i>Une photo, au fond d\u2019une bo\u00eete. Et aussi les souvenirs de ceux qui l\u2019ont connu<\/i>\u201d, es decir: \u201c\u00bfQu\u00e9 queda de la vida de un hombre? Una foto en el fondo de una gaveta. Y tambi\u00e9n los recuerdos de aquellos que lo conocieron\u201d.<\/span><\/p>\n<p><span style=\"font-size: small;\">Su obra literaria est\u00e1 construida a partir de dos temas principales: primero, la b\u00fasqueda de la identidad (la de \u00e9l y la de su entorno); comienza\u00a0<i>Rue des boutiques obscures<\/i>\u00a0con la expresi\u00f3n: \u201c<i>Je ne suis rien<\/i>\u201d (No soy nada); en\u00a0<i>Interrogatoire,<\/i><i>\u00a0<\/i>Berl le dice que \u201c<i>selon leur degr\u00e9 de fortune , on appelait les juifs: des youpins, des juifs tout court, des israelites et en fin barons<\/i>\u201d, esto es, \u201cseg\u00fan su grado de fortuna, uno llama a los jud\u00edos: jud\u00edos simplemente, israelitas y en fin barones\u201d; Modiano en ese momento era un jud\u00edo \u201cyoupie\u201d, el m\u00e1s bajo nivel social; se propuso hacer fortuna como escritor; segundo, la impotencia en la comprensi\u00f3n de los des\u00f3rdenes, los movimientos de la sociedad, lo cual produce un fen\u00f3meno donde el narrador se encuentra casi siempre en el papel de observador, sufriendo y tratando de encontrar un sentido a los numerosos eventos que ocurren delante de \u00e9l, notando los detalles que podr\u00edan esclarecer y constituir una identidad.<\/span><\/p>\n<p><span style=\"font-size: small;\">Modiano (o su narrador) se muestra algunas veces como un verdadero arque\u00f3logo de la memoria, buscando y conservando cualquier documento, bien que insignificante, con el fin de acopiar informaciones relativas a s\u00ed mismo, a sus parientes, o a desconocidos. Algunas de sus p\u00e1ginas las trabaja como si fueran escritas por un detective o por un histori\u00f3grafo.<\/span><\/p>\n<p><span style=\"font-size: small;\">Otra obsesi\u00f3n de Modiano es el per\u00edodo de la ocupaci\u00f3n alemana de Francia. Como naci\u00f3 en 1945, no la conoci\u00f3, pero se refiere sin cesar al trav\u00e9s del deseo de averiguar la vida de sus parientes durante este per\u00edodo, donde zambulle ciertos de sus personajes. La evidente dualidad ideol\u00f3gica de sus padres lo empujan a que emerjan protagonistas en sus obras con una situaci\u00f3n vaga, borrosa, sobre todo, en la primera trilog\u00eda, llamada\u00a0<i>La ocupaci\u00f3n<\/i>,\u00a0 que la componen las tres primeras novelas.<\/span><\/p>\n<p><span style=\"font-size: small;\">El tema del padre y de su paternidad es central en Modiano. Primero, porque \u00e9l constituye el epicentro de toda una red de temas secundarios variables (la ausencia, la traici\u00f3n, la herencia\u2026), pero tambi\u00e9n porque se trata de un elemento de autoficci\u00f3n presente como tela de fondo en la narrativa de Modiano, y m\u00e1s directamente en la narraci\u00f3n autobiogr\u00e1fica:<\/span><span style=\"font-size: small;\">\u00a0<\/span><span style=\"font-size: small;\"><i>Un pedigree<\/i><\/span><span style=\"font-size: small;\">. Albert Modiano permanece como un enigma en diversos puntos, y la escritura permite al autor desarrollarlos de manera liberadora. De su juventud se ignora casi todo. Durante la ocupaci\u00f3n, vivi\u00f3 ilegalmente, utilizaba un nombre falso (Henri Lagroux) que le permit\u00eda no portar la estrella amarilla. Pero lo m\u00e1s notorio es el episodio cuando, despu\u00e9s de que lo hicieron preso en una redada, lo deportan en un convoy para Austerlitz. De manera sorprendente, fue liberado r\u00e1pidamente por influencia de un amigo bien situado en la Gestapo francesa, a la cual, como ya se dijo, \u00e9l vend\u00eda v\u00edveres, mercanc\u00edas que obten\u00eda en el mercado negro. La identidad de ese amigo todav\u00eda no se conoce.<\/span><\/p>\n<\/div>\n<\/div>\n<p>Pablo Mu\u00f1oz<\/p>\n","protected":false},"excerpt":{"rendered":"<p>En las novelas de Modiano persiste el tema de la ausencia, de la supervivencia de las personas desaparecidas, la esperanza de encontrar un d\u00eda aquellos que hemos perdido en el pasado. Por ello, en Rue des boutiques obscures\u00a0pregunta: \u201cQue reste-t-il de la vie d\u2019un homme?\u00a0Une&hellip;  <a href=\"https:\/\/agora.xtec.cat\/iesdelvoltreganes\/llibres-recomanats\/patrick-modiano\/\" title=\"Read Patrick Modiano\">Llegeix m\u00e9s\u00bb<\/a><\/p>\n","protected":false},"author":6,"featured_media":0,"comment_status":"open","ping_status":"closed","sticky":false,"template":"","format":"standard","meta":{"_bbp_topic_count":0,"_bbp_reply_count":0,"_bbp_total_topic_count":0,"_bbp_total_reply_count":0,"_bbp_voice_count":0,"_bbp_anonymous_reply_count":0,"_bbp_topic_count_hidden":0,"_bbp_reply_count_hidden":0,"_bbp_forum_subforum_count":0,"footnotes":""},"categories":[81],"tags":[82],"class_list":["post-546","post","type-post","status-publish","format-standard","hentry","category-llibres-recomanats","tag-llibres"],"post_mailing_queue_ids":[],"_links":{"self":[{"href":"https:\/\/agora.xtec.cat\/iesdelvoltreganes\/wp-json\/wp\/v2\/posts\/546","targetHints":{"allow":["GET"]}}],"collection":[{"href":"https:\/\/agora.xtec.cat\/iesdelvoltreganes\/wp-json\/wp\/v2\/posts"}],"about":[{"href":"https:\/\/agora.xtec.cat\/iesdelvoltreganes\/wp-json\/wp\/v2\/types\/post"}],"author":[{"embeddable":true,"href":"https:\/\/agora.xtec.cat\/iesdelvoltreganes\/wp-json\/wp\/v2\/users\/6"}],"replies":[{"embeddable":true,"href":"https:\/\/agora.xtec.cat\/iesdelvoltreganes\/wp-json\/wp\/v2\/comments?post=546"}],"version-history":[{"count":2,"href":"https:\/\/agora.xtec.cat\/iesdelvoltreganes\/wp-json\/wp\/v2\/posts\/546\/revisions"}],"predecessor-version":[{"id":4021,"href":"https:\/\/agora.xtec.cat\/iesdelvoltreganes\/wp-json\/wp\/v2\/posts\/546\/revisions\/4021"}],"wp:attachment":[{"href":"https:\/\/agora.xtec.cat\/iesdelvoltreganes\/wp-json\/wp\/v2\/media?parent=546"}],"wp:term":[{"taxonomy":"category","embeddable":true,"href":"https:\/\/agora.xtec.cat\/iesdelvoltreganes\/wp-json\/wp\/v2\/categories?post=546"},{"taxonomy":"post_tag","embeddable":true,"href":"https:\/\/agora.xtec.cat\/iesdelvoltreganes\/wp-json\/wp\/v2\/tags?post=546"}],"curies":[{"name":"wp","href":"https:\/\/api.w.org\/{rel}","templated":true}]}}