{"id":5435,"date":"2022-04-07T09:20:23","date_gmt":"2022-04-07T07:20:23","guid":{"rendered":"https:\/\/agora.xtec.cat\/iesdelvoltreganes\/?p=5435"},"modified":"2022-04-07T09:24:57","modified_gmt":"2022-04-07T07:24:57","slug":"sortida-al-montseny","status":"publish","type":"post","link":"https:\/\/agora.xtec.cat\/iesdelvoltreganes\/general\/sortida-al-montseny\/","title":{"rendered":"Sortida al Montseny"},"content":{"rendered":"<p><a href=\"https:\/\/photos.app.goo.gl\/BxYQwqmzDMkNFehw5\" target=\"_blank\" rel=\"noopener\"><img loading=\"lazy\" decoding=\"async\" class=\"alignnone wp-image-5444 size-medium\" src=\"https:\/\/agora.xtec.cat\/iesdelvoltreganes\/wp-content\/uploads\/usu618\/2022\/04\/IMG_20220405_102737-300x225.jpg\" alt=\"\" width=\"300\" height=\"225\" srcset=\"https:\/\/agora.xtec.cat\/iesdelvoltreganes\/wp-content\/uploads\/usu618\/2022\/04\/IMG_20220405_102737-300x225.jpg 300w, https:\/\/agora.xtec.cat\/iesdelvoltreganes\/wp-content\/uploads\/usu618\/2022\/04\/IMG_20220405_102737-1024x769.jpg 1024w, https:\/\/agora.xtec.cat\/iesdelvoltreganes\/wp-content\/uploads\/usu618\/2022\/04\/IMG_20220405_102737-768x577.jpg 768w, https:\/\/agora.xtec.cat\/iesdelvoltreganes\/wp-content\/uploads\/usu618\/2022\/04\/IMG_20220405_102737-200x150.jpg 200w, https:\/\/agora.xtec.cat\/iesdelvoltreganes\/wp-content\/uploads\/usu618\/2022\/04\/IMG_20220405_102737.jpg 1156w\" sizes=\"auto, (max-width: 300px) 100vw, 300px\" \/><br \/>\n<\/a><br \/>\nDimarts 5 d&#8217;abril l&#8217;alumnat de 2n d&#8217;ESO va realitzar un taller de f\u00edsica experimental de la m\u00e0 d&#8217;en Marc Boada, recongut divulgador cient\u00edfic. L&#8217;activitat es va portar a terme a l&#8217;Associaci\u00f3 Pendulum, creada per ell mateix, que est\u00e0 ubicada en l&#8217;entorn del parc natural del Montseny. Despr\u00e9s de treballar els fonaments de l&#8217;energia, van elaborar un coet.<\/p>\n","protected":false},"excerpt":{"rendered":"<p><a href=\"https:\/\/photos.app.goo.gl\/BxYQwqmzDMkNFehw5\" target=\"_blank\" rel=\"noopener\"><br \/>\n<\/a><br \/>\nDimarts 5 d&#8217;abril l&#8217;alumnat de 2n d&#8217;ESO va realitzar un taller de f\u00edsica experimental de la m\u00e0 d&#8217;en Marc Boada, recongut divulgador cient\u00edfic. L&#8217;activitat es va portar a terme a l&#8217;Associaci\u00f3 Pendulum, creada per ell mateix, que est\u00e0 ubicada en l&#8217;entorn del&hellip;  <a href=\"https:\/\/agora.xtec.cat\/iesdelvoltreganes\/general\/sortida-al-montseny\/\" title=\"Read Sortida al Montseny\">Llegeix m\u00e9s\u00bb<\/a><\/p>\n","protected":false},"author":6,"featured_media":0,"comment_status":"closed","ping_status":"closed","sticky":false,"template":"","format":"standard","meta":{"_bbp_topic_count":0,"_bbp_reply_count":0,"_bbp_total_topic_count":0,"_bbp_total_reply_count":0,"_bbp_voice_count":0,"_bbp_anonymous_reply_count":0,"_bbp_topic_count_hidden":0,"_bbp_reply_count_hidden":0,"_bbp_forum_subforum_count":0,"footnotes":""},"categories":[65,5,1,29],"tags":[],"class_list":["post-5435","post","type-post","status-publish","format-standard","hentry","category-ciencies-experimentals","category-eso-2","category-general","category-portada"],"post_mailing_queue_ids":[],"_links":{"self":[{"href":"https:\/\/agora.xtec.cat\/iesdelvoltreganes\/wp-json\/wp\/v2\/posts\/5435","targetHints":{"allow":["GET"]}}],"collection":[{"href":"https:\/\/agora.xtec.cat\/iesdelvoltreganes\/wp-json\/wp\/v2\/posts"}],"about":[{"href":"https:\/\/agora.xtec.cat\/iesdelvoltreganes\/wp-json\/wp\/v2\/types\/post"}],"author":[{"embeddable":true,"href":"https:\/\/agora.xtec.cat\/iesdelvoltreganes\/wp-json\/wp\/v2\/users\/6"}],"replies":[{"embeddable":true,"href":"https:\/\/agora.xtec.cat\/iesdelvoltreganes\/wp-json\/wp\/v2\/comments?post=5435"}],"version-history":[{"count":3,"href":"https:\/\/agora.xtec.cat\/iesdelvoltreganes\/wp-json\/wp\/v2\/posts\/5435\/revisions"}],"predecessor-version":[{"id":5446,"href":"https:\/\/agora.xtec.cat\/iesdelvoltreganes\/wp-json\/wp\/v2\/posts\/5435\/revisions\/5446"}],"wp:attachment":[{"href":"https:\/\/agora.xtec.cat\/iesdelvoltreganes\/wp-json\/wp\/v2\/media?parent=5435"}],"wp:term":[{"taxonomy":"category","embeddable":true,"href":"https:\/\/agora.xtec.cat\/iesdelvoltreganes\/wp-json\/wp\/v2\/categories?post=5435"},{"taxonomy":"post_tag","embeddable":true,"href":"https:\/\/agora.xtec.cat\/iesdelvoltreganes\/wp-json\/wp\/v2\/tags?post=5435"}],"curies":[{"name":"wp","href":"https:\/\/api.w.org\/{rel}","templated":true}]}}