{"id":5429,"date":"2022-04-04T18:40:13","date_gmt":"2022-04-04T16:40:13","guid":{"rendered":"https:\/\/agora.xtec.cat\/iesdelvoltreganes\/?p=5429"},"modified":"2022-04-04T18:41:52","modified_gmt":"2022-04-04T16:41:52","slug":"ruta-literaria-de-miquel-marti-i-pol","status":"publish","type":"post","link":"https:\/\/agora.xtec.cat\/iesdelvoltreganes\/general\/ruta-literaria-de-miquel-marti-i-pol\/","title":{"rendered":"Ruta liter\u00e0ria de Miquel Mart\u00ed i Pol"},"content":{"rendered":"<p><a href=\"https:\/\/agora.xtec.cat\/iesdelvoltreganes\/wp-content\/uploads\/usu618\/2022\/04\/1r-ESO-Ruta-I.jpeg\"><img loading=\"lazy\" decoding=\"async\" class=\"alignnone size-medium wp-image-5430\" src=\"https:\/\/agora.xtec.cat\/iesdelvoltreganes\/wp-content\/uploads\/usu618\/2022\/04\/1r-ESO-Ruta-I-300x225.jpeg\" alt=\"\" width=\"300\" height=\"225\" srcset=\"https:\/\/agora.xtec.cat\/iesdelvoltreganes\/wp-content\/uploads\/usu618\/2022\/04\/1r-ESO-Ruta-I-300x225.jpeg 300w, https:\/\/agora.xtec.cat\/iesdelvoltreganes\/wp-content\/uploads\/usu618\/2022\/04\/1r-ESO-Ruta-I-1024x768.jpeg 1024w, https:\/\/agora.xtec.cat\/iesdelvoltreganes\/wp-content\/uploads\/usu618\/2022\/04\/1r-ESO-Ruta-I-768x576.jpeg 768w, https:\/\/agora.xtec.cat\/iesdelvoltreganes\/wp-content\/uploads\/usu618\/2022\/04\/1r-ESO-Ruta-I-1536x1152.jpeg 1536w, https:\/\/agora.xtec.cat\/iesdelvoltreganes\/wp-content\/uploads\/usu618\/2022\/04\/1r-ESO-Ruta-I-200x150.jpeg 200w, https:\/\/agora.xtec.cat\/iesdelvoltreganes\/wp-content\/uploads\/usu618\/2022\/04\/1r-ESO-Ruta-I.jpeg 1600w\" sizes=\"auto, (max-width: 300px) 100vw, 300px\" \/><\/a><br \/>\n<a href=\"https:\/\/agora.xtec.cat\/iesdelvoltreganes\/wp-content\/uploads\/usu618\/2022\/04\/1r-ESO-Ruta-II.jpeg\"><img loading=\"lazy\" decoding=\"async\" class=\"alignnone size-medium wp-image-5431\" src=\"https:\/\/agora.xtec.cat\/iesdelvoltreganes\/wp-content\/uploads\/usu618\/2022\/04\/1r-ESO-Ruta-II-300x225.jpeg\" alt=\"\" width=\"300\" height=\"225\" srcset=\"https:\/\/agora.xtec.cat\/iesdelvoltreganes\/wp-content\/uploads\/usu618\/2022\/04\/1r-ESO-Ruta-II-300x225.jpeg 300w, https:\/\/agora.xtec.cat\/iesdelvoltreganes\/wp-content\/uploads\/usu618\/2022\/04\/1r-ESO-Ruta-II-1024x768.jpeg 1024w, https:\/\/agora.xtec.cat\/iesdelvoltreganes\/wp-content\/uploads\/usu618\/2022\/04\/1r-ESO-Ruta-II-768x576.jpeg 768w, https:\/\/agora.xtec.cat\/iesdelvoltreganes\/wp-content\/uploads\/usu618\/2022\/04\/1r-ESO-Ruta-II-1536x1152.jpeg 1536w, https:\/\/agora.xtec.cat\/iesdelvoltreganes\/wp-content\/uploads\/usu618\/2022\/04\/1r-ESO-Ruta-II-200x150.jpeg 200w, https:\/\/agora.xtec.cat\/iesdelvoltreganes\/wp-content\/uploads\/usu618\/2022\/04\/1r-ESO-Ruta-II.jpeg 1600w\" sizes=\"auto, (max-width: 300px) 100vw, 300px\" \/><\/a><br \/>\n<a href=\"https:\/\/agora.xtec.cat\/iesdelvoltreganes\/wp-content\/uploads\/usu618\/2022\/04\/1r-ESO-Ruta.jpeg\"><img loading=\"lazy\" decoding=\"async\" class=\"alignnone size-medium wp-image-5432\" src=\"https:\/\/agora.xtec.cat\/iesdelvoltreganes\/wp-content\/uploads\/usu618\/2022\/04\/1r-ESO-Ruta-300x225.jpeg\" alt=\"\" width=\"300\" height=\"225\" srcset=\"https:\/\/agora.xtec.cat\/iesdelvoltreganes\/wp-content\/uploads\/usu618\/2022\/04\/1r-ESO-Ruta-300x225.jpeg 300w, https:\/\/agora.xtec.cat\/iesdelvoltreganes\/wp-content\/uploads\/usu618\/2022\/04\/1r-ESO-Ruta-1024x769.jpeg 1024w, https:\/\/agora.xtec.cat\/iesdelvoltreganes\/wp-content\/uploads\/usu618\/2022\/04\/1r-ESO-Ruta-768x576.jpeg 768w, https:\/\/agora.xtec.cat\/iesdelvoltreganes\/wp-content\/uploads\/usu618\/2022\/04\/1r-ESO-Ruta-1536x1153.jpeg 1536w, https:\/\/agora.xtec.cat\/iesdelvoltreganes\/wp-content\/uploads\/usu618\/2022\/04\/1r-ESO-Ruta-200x150.jpeg 200w, https:\/\/agora.xtec.cat\/iesdelvoltreganes\/wp-content\/uploads\/usu618\/2022\/04\/1r-ESO-Ruta.jpeg 1600w\" sizes=\"auto, (max-width: 300px) 100vw, 300px\" \/><\/a><br \/>\nAvui i despr\u00e9s de treballar la vida i l&#8217;obra d&#8217;uns dels nostres autors en llengua catalana, els alumnes de 1r d&#8217;ESO han realitzat la ruta liter\u00e0ria de Miquel Mart\u00ed i Pol visitant els llocs m\u00e9s emblem\u00e0tics a Roda de Ter. Amb aix\u00f2, els nois han pogut sentir la vida de la poesia.<\/p>\n<p>Tot \u00e9s possible<br \/>\nParaules per a l&#8217;esperan\u00e7a<br \/>\nSi la vida \u00e9s malmesa<br \/>\ncom un gran cop de vent<br \/>\ni sense cap paraula<br \/>\ncom un amant et pren,<br \/>\nobre els bra\u00e7os a l&#8217;esperan\u00e7a<br \/>\ni oblida el fosc instant,<br \/>\ntot \u00e9s clar quan es pensa<br \/>\na ritme de vals.<\/p>\n","protected":false},"excerpt":{"rendered":"<p><a href=\"https:\/\/agora.xtec.cat\/iesdelvoltreganes\/wp-content\/uploads\/usu618\/2022\/04\/1r-ESO-Ruta-I.jpeg\"><\/a><br \/>\n<a href=\"https:\/\/agora.xtec.cat\/iesdelvoltreganes\/wp-content\/uploads\/usu618\/2022\/04\/1r-ESO-Ruta-II.jpeg\"><\/a><br \/>\n<a href=\"https:\/\/agora.xtec.cat\/iesdelvoltreganes\/wp-content\/uploads\/usu618\/2022\/04\/1r-ESO-Ruta.jpeg\"><\/a><br \/>\nAvui i despr\u00e9s de treballar la vida i l&#8217;obra d&#8217;uns dels nostres autors en llengua catalana, els alumnes de 1r d&#8217;ESO han realitzat la ruta liter\u00e0ria de Miquel Mart\u00ed i Pol visitant els llocs m\u00e9s emblem\u00e0tics a Roda de Ter. Amb aix\u00f2,&hellip;  <a href=\"https:\/\/agora.xtec.cat\/iesdelvoltreganes\/general\/ruta-literaria-de-miquel-marti-i-pol\/\" title=\"Read Ruta liter\u00e0ria de Miquel Mart\u00ed i Pol\">Llegeix m\u00e9s\u00bb<\/a><\/p>\n","protected":false},"author":6,"featured_media":5431,"comment_status":"closed","ping_status":"closed","sticky":false,"template":"","format":"standard","meta":{"_bbp_topic_count":0,"_bbp_reply_count":0,"_bbp_total_topic_count":0,"_bbp_total_reply_count":0,"_bbp_voice_count":0,"_bbp_anonymous_reply_count":0,"_bbp_topic_count_hidden":0,"_bbp_reply_count_hidden":0,"_bbp_forum_subforum_count":0,"footnotes":""},"categories":[4,1,72,29],"tags":[],"class_list":["post-5429","post","type-post","status-publish","format-standard","has-post-thumbnail","hentry","category-eso-1","category-general","category-llengues-i-literatura","category-portada"],"post_mailing_queue_ids":[],"_links":{"self":[{"href":"https:\/\/agora.xtec.cat\/iesdelvoltreganes\/wp-json\/wp\/v2\/posts\/5429","targetHints":{"allow":["GET"]}}],"collection":[{"href":"https:\/\/agora.xtec.cat\/iesdelvoltreganes\/wp-json\/wp\/v2\/posts"}],"about":[{"href":"https:\/\/agora.xtec.cat\/iesdelvoltreganes\/wp-json\/wp\/v2\/types\/post"}],"author":[{"embeddable":true,"href":"https:\/\/agora.xtec.cat\/iesdelvoltreganes\/wp-json\/wp\/v2\/users\/6"}],"replies":[{"embeddable":true,"href":"https:\/\/agora.xtec.cat\/iesdelvoltreganes\/wp-json\/wp\/v2\/comments?post=5429"}],"version-history":[{"count":2,"href":"https:\/\/agora.xtec.cat\/iesdelvoltreganes\/wp-json\/wp\/v2\/posts\/5429\/revisions"}],"predecessor-version":[{"id":5434,"href":"https:\/\/agora.xtec.cat\/iesdelvoltreganes\/wp-json\/wp\/v2\/posts\/5429\/revisions\/5434"}],"wp:featuredmedia":[{"embeddable":true,"href":"https:\/\/agora.xtec.cat\/iesdelvoltreganes\/wp-json\/wp\/v2\/media\/5431"}],"wp:attachment":[{"href":"https:\/\/agora.xtec.cat\/iesdelvoltreganes\/wp-json\/wp\/v2\/media?parent=5429"}],"wp:term":[{"taxonomy":"category","embeddable":true,"href":"https:\/\/agora.xtec.cat\/iesdelvoltreganes\/wp-json\/wp\/v2\/categories?post=5429"},{"taxonomy":"post_tag","embeddable":true,"href":"https:\/\/agora.xtec.cat\/iesdelvoltreganes\/wp-json\/wp\/v2\/tags?post=5429"}],"curies":[{"name":"wp","href":"https:\/\/api.w.org\/{rel}","templated":true}]}}