{"id":5414,"date":"2022-03-29T08:07:18","date_gmt":"2022-03-29T06:07:18","guid":{"rendered":"https:\/\/agora.xtec.cat\/iesdelvoltreganes\/?p=5414"},"modified":"2022-05-04T12:59:02","modified_gmt":"2022-05-04T10:59:02","slug":"jornada-de-portes-obertes-batxillerat","status":"publish","type":"post","link":"https:\/\/agora.xtec.cat\/iesdelvoltreganes\/general\/jornada-de-portes-obertes-batxillerat\/","title":{"rendered":"Preinscripci\u00f3 batxillerat"},"content":{"rendered":"<p><a href=\"https:\/\/agora.xtec.cat\/iesdelvoltreganes\/wp-content\/uploads\/usu618\/2022\/03\/Cartell-JPO-22-BATX_page-0001.jpg\"><img loading=\"lazy\" decoding=\"async\" class=\"alignnone wp-image-5415 size-medium\" src=\"https:\/\/agora.xtec.cat\/iesdelvoltreganes\/wp-content\/uploads\/usu618\/2022\/03\/Cartell-JPO-22-BATX_page-0001-212x300.jpg\" alt=\"\" width=\"212\" height=\"300\" srcset=\"https:\/\/agora.xtec.cat\/iesdelvoltreganes\/wp-content\/uploads\/usu618\/2022\/03\/Cartell-JPO-22-BATX_page-0001-212x300.jpg 212w, https:\/\/agora.xtec.cat\/iesdelvoltreganes\/wp-content\/uploads\/usu618\/2022\/03\/Cartell-JPO-22-BATX_page-0001-724x1024.jpg 724w, https:\/\/agora.xtec.cat\/iesdelvoltreganes\/wp-content\/uploads\/usu618\/2022\/03\/Cartell-JPO-22-BATX_page-0001-768x1086.jpg 768w, https:\/\/agora.xtec.cat\/iesdelvoltreganes\/wp-content\/uploads\/usu618\/2022\/03\/Cartell-JPO-22-BATX_page-0001-1086x1536.jpg 1086w, https:\/\/agora.xtec.cat\/iesdelvoltreganes\/wp-content\/uploads\/usu618\/2022\/03\/Cartell-JPO-22-BATX_page-0001-1448x2048.jpg 1448w, https:\/\/agora.xtec.cat\/iesdelvoltreganes\/wp-content\/uploads\/usu618\/2022\/03\/Cartell-JPO-22-BATX_page-0001.jpg 1754w\" sizes=\"auto, (max-width: 212px) 100vw, 212px\" \/><\/a><\/p>\n<h4>Preinscripci\u00f3: del 20 al 26 d&#8217;abril, nom\u00e9s per als alumnes que no s\u00f3n del centre<\/h4>\n<p>Per accedir al link de la reuni\u00f3 poseu-vos en contacte amb l\u2019institut trucant al 938572672<\/p>\n<p>Podeu demanar cita pr\u00e8via per visitar les instal\u00b7lacions l\u2019institut trucant al 938572672<\/p>\n<p><a href=\"https:\/\/drive.google.com\/file\/d\/1t7Pp66Uc_rAXqdfOnbujSJ-feGtDIR-D\/view?usp=sharing\" target=\"_blank\" rel=\"noopener\">Informaci\u00f3 i calendari preinscripci\u00f3<\/a><\/p>\n<p><a href=\"https:\/\/drive.google.com\/file\/d\/1mmyzXdTpvpGIEHnwrl-vewFtnmDQikoC\/view?usp=sharing\" target=\"_blank\" rel=\"noopener\">Oferta inicial de places<\/a><\/p>\n","protected":false},"excerpt":{"rendered":"<p><a href=\"https:\/\/agora.xtec.cat\/iesdelvoltreganes\/wp-content\/uploads\/usu618\/2022\/03\/Cartell-JPO-22-BATX_page-0001.jpg\"><\/a><br \/>\nPreinscripci\u00f3: del 20 al 26 d&#8217;abril, nom\u00e9s per als alumnes que no s\u00f3n del centre<br \/>\nPer accedir al link de la reuni\u00f3 poseu-vos en contacte amb l\u2019institut trucant al 938572672<br \/>\nPodeu demanar cita pr\u00e8via per visitar les instal\u00b7lacions l\u2019institut trucant al 938572672<br \/>\n<a href=\"https:\/\/drive.google.com\/file\/d\/1t7Pp66Uc_rAXqdfOnbujSJ-feGtDIR-D\/view?usp=sharing\" target=\"_blank\" rel=\"noopener\">Informaci\u00f3 i&hellip;  <a href=\"https:\/\/agora.xtec.cat\/iesdelvoltreganes\/general\/jornada-de-portes-obertes-batxillerat\/\" title=\"Read Preinscripci\u00f3 batxillerat\">Llegeix m\u00e9s\u00bb<\/a><\/p>\n","protected":false},"author":6,"featured_media":0,"comment_status":"closed","ping_status":"closed","sticky":false,"template":"","format":"standard","meta":{"_bbp_topic_count":0,"_bbp_reply_count":0,"_bbp_total_topic_count":0,"_bbp_total_reply_count":0,"_bbp_voice_count":0,"_bbp_anonymous_reply_count":0,"_bbp_topic_count_hidden":0,"_bbp_reply_count_hidden":0,"_bbp_forum_subforum_count":0,"footnotes":""},"categories":[8,1,29],"tags":[149],"class_list":["post-5414","post","type-post","status-publish","format-standard","hentry","category-batxillerat","category-general","category-portada","tag-portes-obertes"],"post_mailing_queue_ids":[],"_links":{"self":[{"href":"https:\/\/agora.xtec.cat\/iesdelvoltreganes\/wp-json\/wp\/v2\/posts\/5414","targetHints":{"allow":["GET"]}}],"collection":[{"href":"https:\/\/agora.xtec.cat\/iesdelvoltreganes\/wp-json\/wp\/v2\/posts"}],"about":[{"href":"https:\/\/agora.xtec.cat\/iesdelvoltreganes\/wp-json\/wp\/v2\/types\/post"}],"author":[{"embeddable":true,"href":"https:\/\/agora.xtec.cat\/iesdelvoltreganes\/wp-json\/wp\/v2\/users\/6"}],"replies":[{"embeddable":true,"href":"https:\/\/agora.xtec.cat\/iesdelvoltreganes\/wp-json\/wp\/v2\/comments?post=5414"}],"version-history":[{"count":3,"href":"https:\/\/agora.xtec.cat\/iesdelvoltreganes\/wp-json\/wp\/v2\/posts\/5414\/revisions"}],"predecessor-version":[{"id":5449,"href":"https:\/\/agora.xtec.cat\/iesdelvoltreganes\/wp-json\/wp\/v2\/posts\/5414\/revisions\/5449"}],"wp:attachment":[{"href":"https:\/\/agora.xtec.cat\/iesdelvoltreganes\/wp-json\/wp\/v2\/media?parent=5414"}],"wp:term":[{"taxonomy":"category","embeddable":true,"href":"https:\/\/agora.xtec.cat\/iesdelvoltreganes\/wp-json\/wp\/v2\/categories?post=5414"},{"taxonomy":"post_tag","embeddable":true,"href":"https:\/\/agora.xtec.cat\/iesdelvoltreganes\/wp-json\/wp\/v2\/tags?post=5414"}],"curies":[{"name":"wp","href":"https:\/\/api.w.org\/{rel}","templated":true}]}}