{"id":5407,"date":"2022-03-27T10:26:59","date_gmt":"2022-03-27T08:26:59","guid":{"rendered":"https:\/\/agora.xtec.cat\/iesdelvoltreganes\/?p=5407"},"modified":"2022-03-27T10:31:47","modified_gmt":"2022-03-27T08:31:47","slug":"pica-lletres","status":"publish","type":"post","link":"https:\/\/agora.xtec.cat\/iesdelvoltreganes\/general\/pica-lletres\/","title":{"rendered":"Pica Lletres"},"content":{"rendered":"<p><a href=\"https:\/\/photos.app.goo.gl\/oF7KJAm67QAqhzhc8\" target=\"_blank\" rel=\"noopener\"><img loading=\"lazy\" decoding=\"async\" class=\"alignnone wp-image-5408 size-medium\" src=\"https:\/\/agora.xtec.cat\/iesdelvoltreganes\/wp-content\/uploads\/usu618\/2022\/03\/IMG-4208-300x225.jpg\" alt=\"\" width=\"300\" height=\"225\" srcset=\"https:\/\/agora.xtec.cat\/iesdelvoltreganes\/wp-content\/uploads\/usu618\/2022\/03\/IMG-4208-300x225.jpg 300w, https:\/\/agora.xtec.cat\/iesdelvoltreganes\/wp-content\/uploads\/usu618\/2022\/03\/IMG-4208-1024x768.jpg 1024w, https:\/\/agora.xtec.cat\/iesdelvoltreganes\/wp-content\/uploads\/usu618\/2022\/03\/IMG-4208-768x576.jpg 768w, https:\/\/agora.xtec.cat\/iesdelvoltreganes\/wp-content\/uploads\/usu618\/2022\/03\/IMG-4208-1536x1152.jpg 1536w, https:\/\/agora.xtec.cat\/iesdelvoltreganes\/wp-content\/uploads\/usu618\/2022\/03\/IMG-4208-2048x1536.jpg 2048w, https:\/\/agora.xtec.cat\/iesdelvoltreganes\/wp-content\/uploads\/usu618\/2022\/03\/IMG-4208-200x150.jpg 200w\" sizes=\"auto, (max-width: 300px) 100vw, 300px\" \/><\/a><br \/>\n<iframe loading=\"lazy\" title=\"YouTube video player\" src=\"\/\/www.youtube.com\/embed\/XVudyN7d1Zs\" width=\"560\" height=\"315\" frameborder=\"0\" allowfullscreen=\"allowfullscreen\"><\/iframe><br \/>\nAquest dimarts 22 un grup d&#8217;alumnes de tercer d\u2019ESO del nostre institut van participar en el concurs Pica Lletres que es va fer als estudis del 9 TV de Vic.<br \/>\nAquest concurs permet als adolescents competir i divertir-se<br \/>\nparticipant en una activitat pedag\u00f2gica, senzilla i engrescadora: lletrejar<br \/>\nparaules en catal\u00e0 i resoldre jocs ling\u00fc\u00edstics enginyosos. De la combinaci\u00f3<br \/>\nd\u2019entreteniment i cultura que proposa Pica Lletres, en resulta una f\u00f3rmula<br \/>\nfresca i efica\u00e7 per aprendre ortografia.<br \/>\nI \u00e9s que Pica Lletres \u00e9s el concurs de moda entre els estudiants de secund\u00e0ria<br \/>\nde tot Catalunya!<\/p>\n","protected":false},"excerpt":{"rendered":"<p><a href=\"https:\/\/photos.app.goo.gl\/oF7KJAm67QAqhzhc8\" target=\"_blank\" rel=\"noopener\"><\/a><\/p>\n<p>Aquest dimarts 22 un grup d&#8217;alumnes de tercer d\u2019ESO del nostre institut van participar en el concurs Pica Lletres que es va fer als estudis del 9 TV de Vic.<br \/>\nAquest concurs permet als adolescents competir i divertir-se<br \/>\nparticipant en una activitat pedag\u00f2gica, senzilla&hellip;  <a href=\"https:\/\/agora.xtec.cat\/iesdelvoltreganes\/general\/pica-lletres\/\" title=\"Read Pica Lletres\">Llegeix m\u00e9s\u00bb<\/a><\/p>\n","protected":false},"author":6,"featured_media":5409,"comment_status":"closed","ping_status":"closed","sticky":false,"template":"","format":"standard","meta":{"_bbp_topic_count":0,"_bbp_reply_count":0,"_bbp_total_topic_count":0,"_bbp_total_reply_count":0,"_bbp_voice_count":0,"_bbp_anonymous_reply_count":0,"_bbp_topic_count_hidden":0,"_bbp_reply_count_hidden":0,"_bbp_forum_subforum_count":0,"footnotes":""},"categories":[6,1,72,29],"tags":[],"class_list":["post-5407","post","type-post","status-publish","format-standard","has-post-thumbnail","hentry","category-eso-3","category-general","category-llengues-i-literatura","category-portada"],"post_mailing_queue_ids":[],"_links":{"self":[{"href":"https:\/\/agora.xtec.cat\/iesdelvoltreganes\/wp-json\/wp\/v2\/posts\/5407","targetHints":{"allow":["GET"]}}],"collection":[{"href":"https:\/\/agora.xtec.cat\/iesdelvoltreganes\/wp-json\/wp\/v2\/posts"}],"about":[{"href":"https:\/\/agora.xtec.cat\/iesdelvoltreganes\/wp-json\/wp\/v2\/types\/post"}],"author":[{"embeddable":true,"href":"https:\/\/agora.xtec.cat\/iesdelvoltreganes\/wp-json\/wp\/v2\/users\/6"}],"replies":[{"embeddable":true,"href":"https:\/\/agora.xtec.cat\/iesdelvoltreganes\/wp-json\/wp\/v2\/comments?post=5407"}],"version-history":[{"count":2,"href":"https:\/\/agora.xtec.cat\/iesdelvoltreganes\/wp-json\/wp\/v2\/posts\/5407\/revisions"}],"predecessor-version":[{"id":5411,"href":"https:\/\/agora.xtec.cat\/iesdelvoltreganes\/wp-json\/wp\/v2\/posts\/5407\/revisions\/5411"}],"wp:featuredmedia":[{"embeddable":true,"href":"https:\/\/agora.xtec.cat\/iesdelvoltreganes\/wp-json\/wp\/v2\/media\/5409"}],"wp:attachment":[{"href":"https:\/\/agora.xtec.cat\/iesdelvoltreganes\/wp-json\/wp\/v2\/media?parent=5407"}],"wp:term":[{"taxonomy":"category","embeddable":true,"href":"https:\/\/agora.xtec.cat\/iesdelvoltreganes\/wp-json\/wp\/v2\/categories?post=5407"},{"taxonomy":"post_tag","embeddable":true,"href":"https:\/\/agora.xtec.cat\/iesdelvoltreganes\/wp-json\/wp\/v2\/tags?post=5407"}],"curies":[{"name":"wp","href":"https:\/\/api.w.org\/{rel}","templated":true}]}}