{"id":5403,"date":"2022-03-25T11:13:03","date_gmt":"2022-03-25T10:13:03","guid":{"rendered":"https:\/\/agora.xtec.cat\/iesdelvoltreganes\/?p=5403"},"modified":"2022-03-25T11:15:02","modified_gmt":"2022-03-25T10:15:02","slug":"entrevista-per-al-programa-lofici-deducar","status":"publish","type":"post","link":"https:\/\/agora.xtec.cat\/iesdelvoltreganes\/general\/entrevista-per-al-programa-lofici-deducar\/","title":{"rendered":"Entrevista per al programa &#8220;L\u2019ofici d\u2019educar&#8221;"},"content":{"rendered":"<p dir=\"ltr\">Soc l\u2019Aina Ahumada de 4t d&#8217;ESO. El dimarts 22 de mar\u00e7 vaig anar a Catalunya R\u00e0dio com a representant dels alumnes que vam fer el projecte de Recerca Creaci\u00f3 i Servei amb Catalunya R\u00e0dio juntament amb un representant de cada centre que tamb\u00e9 van fer el projecte perqu\u00e8 ens fessin una entrevista per al programa <em>L\u2019ofici d\u2019educar<\/em> que s\u2019emetr\u00e0 aquest diumenge a les sis del mat\u00ed. Tamb\u00e9 es podr\u00e0 escoltar m\u00e9s tard a la carta de Catalunya R\u00e0dio.<\/p>\n<p dir=\"ltr\">El projecte consistia en fer un programa de r\u00e0dio, en el nostre cas sobre la generaci\u00f3 Z. Va ser divertit i interessant i anar a gravar va ser una experi\u00e8ncia que tornaria a repetir sense dubtar-ho ja que he apr\u00e8s molt sobre com funciona una emissora de r\u00e0dio, tota la feina que hi ha, he pogut experimentar els nervis de posar-se darrere d\u2019un micr\u00f2fon i a part he pogut veure les instal\u00b7lacions de la r\u00e0dio p\u00fablica catalana i con\u00e8ixer a la persona que ens ha anat guiant durant tot el projecte.<\/p>\n<p dir=\"ltr\"><a href=\"https:\/\/agora.xtec.cat\/iesdelvoltreganes\/wp-content\/uploads\/usu618\/2022\/03\/IMG-20220322-WA0002.jpg\"><img loading=\"lazy\" decoding=\"async\" class=\"alignnone size-medium wp-image-5404\" src=\"https:\/\/agora.xtec.cat\/iesdelvoltreganes\/wp-content\/uploads\/usu618\/2022\/03\/IMG-20220322-WA0002-300x225.jpg\" alt=\"\" width=\"300\" height=\"225\" srcset=\"https:\/\/agora.xtec.cat\/iesdelvoltreganes\/wp-content\/uploads\/usu618\/2022\/03\/IMG-20220322-WA0002-300x225.jpg 300w, https:\/\/agora.xtec.cat\/iesdelvoltreganes\/wp-content\/uploads\/usu618\/2022\/03\/IMG-20220322-WA0002-1024x768.jpg 1024w, https:\/\/agora.xtec.cat\/iesdelvoltreganes\/wp-content\/uploads\/usu618\/2022\/03\/IMG-20220322-WA0002-768x576.jpg 768w, https:\/\/agora.xtec.cat\/iesdelvoltreganes\/wp-content\/uploads\/usu618\/2022\/03\/IMG-20220322-WA0002-1536x1152.jpg 1536w, https:\/\/agora.xtec.cat\/iesdelvoltreganes\/wp-content\/uploads\/usu618\/2022\/03\/IMG-20220322-WA0002-200x150.jpg 200w, https:\/\/agora.xtec.cat\/iesdelvoltreganes\/wp-content\/uploads\/usu618\/2022\/03\/IMG-20220322-WA0002.jpg 2048w\" sizes=\"auto, (max-width: 300px) 100vw, 300px\" \/><\/a><\/p>\n","protected":false},"excerpt":{"rendered":"<p>Soc l\u2019Aina Ahumada de 4t d&#8217;ESO. El dimarts 22 de mar\u00e7 vaig anar a Catalunya R\u00e0dio com a representant dels alumnes que vam fer el projecte de Recerca Creaci\u00f3 i Servei amb Catalunya R\u00e0dio juntament amb un representant de cada centre que tamb\u00e9 van fer&hellip;  <a href=\"https:\/\/agora.xtec.cat\/iesdelvoltreganes\/general\/entrevista-per-al-programa-lofici-deducar\/\" title=\"Read Entrevista per al programa &#8220;L\u2019ofici d\u2019educar&#8221;\">Llegeix m\u00e9s\u00bb<\/a><\/p>\n","protected":false},"author":6,"featured_media":5404,"comment_status":"closed","ping_status":"closed","sticky":false,"template":"","format":"standard","meta":{"_bbp_topic_count":0,"_bbp_reply_count":0,"_bbp_total_topic_count":0,"_bbp_total_reply_count":0,"_bbp_voice_count":0,"_bbp_anonymous_reply_count":0,"_bbp_topic_count_hidden":0,"_bbp_reply_count_hidden":0,"_bbp_forum_subforum_count":0,"footnotes":""},"categories":[7,1,29],"tags":[],"class_list":["post-5403","post","type-post","status-publish","format-standard","has-post-thumbnail","hentry","category-eso-4","category-general","category-portada"],"post_mailing_queue_ids":[],"_links":{"self":[{"href":"https:\/\/agora.xtec.cat\/iesdelvoltreganes\/wp-json\/wp\/v2\/posts\/5403","targetHints":{"allow":["GET"]}}],"collection":[{"href":"https:\/\/agora.xtec.cat\/iesdelvoltreganes\/wp-json\/wp\/v2\/posts"}],"about":[{"href":"https:\/\/agora.xtec.cat\/iesdelvoltreganes\/wp-json\/wp\/v2\/types\/post"}],"author":[{"embeddable":true,"href":"https:\/\/agora.xtec.cat\/iesdelvoltreganes\/wp-json\/wp\/v2\/users\/6"}],"replies":[{"embeddable":true,"href":"https:\/\/agora.xtec.cat\/iesdelvoltreganes\/wp-json\/wp\/v2\/comments?post=5403"}],"version-history":[{"count":2,"href":"https:\/\/agora.xtec.cat\/iesdelvoltreganes\/wp-json\/wp\/v2\/posts\/5403\/revisions"}],"predecessor-version":[{"id":5406,"href":"https:\/\/agora.xtec.cat\/iesdelvoltreganes\/wp-json\/wp\/v2\/posts\/5403\/revisions\/5406"}],"wp:featuredmedia":[{"embeddable":true,"href":"https:\/\/agora.xtec.cat\/iesdelvoltreganes\/wp-json\/wp\/v2\/media\/5404"}],"wp:attachment":[{"href":"https:\/\/agora.xtec.cat\/iesdelvoltreganes\/wp-json\/wp\/v2\/media?parent=5403"}],"wp:term":[{"taxonomy":"category","embeddable":true,"href":"https:\/\/agora.xtec.cat\/iesdelvoltreganes\/wp-json\/wp\/v2\/categories?post=5403"},{"taxonomy":"post_tag","embeddable":true,"href":"https:\/\/agora.xtec.cat\/iesdelvoltreganes\/wp-json\/wp\/v2\/tags?post=5403"}],"curies":[{"name":"wp","href":"https:\/\/api.w.org\/{rel}","templated":true}]}}