{"id":5392,"date":"2022-03-04T19:51:09","date_gmt":"2022-03-04T18:51:09","guid":{"rendered":"https:\/\/agora.xtec.cat\/iesdelvoltreganes\/?p=5392"},"modified":"2022-04-25T17:49:06","modified_gmt":"2022-04-25T15:49:06","slug":"visita-al-museu-de-les-matematiquest","status":"publish","type":"post","link":"https:\/\/agora.xtec.cat\/iesdelvoltreganes\/general\/visita-al-museu-de-les-matematiquest\/","title":{"rendered":"Visita al museu de les matem\u00e0tiques"},"content":{"rendered":"<p>Els alumnes de 1r d&#8217;ESo van visitar el mmaca, el museu de les matem\u00e0tiques de Catalunya. Van poder jugar amb les activitats del museu i treballant en equip van resoldre amb \u00e8xit la gimcana pels jardins del palau Mercader.<\/p>\n<p><a href=\"https:\/\/photos.app.goo.gl\/URhLTpt9tX9kp7TA8\" target=\"_blank\" rel=\"noopener\"><img loading=\"lazy\" decoding=\"async\" class=\"alignnone wp-image-5401 size-medium\" src=\"https:\/\/agora.xtec.cat\/iesdelvoltreganes\/wp-content\/uploads\/usu618\/2022\/03\/IMG_20220302_122449-300x225.jpg\" alt=\"\" width=\"300\" height=\"225\" srcset=\"https:\/\/agora.xtec.cat\/iesdelvoltreganes\/wp-content\/uploads\/usu618\/2022\/03\/IMG_20220302_122449-300x225.jpg 300w, https:\/\/agora.xtec.cat\/iesdelvoltreganes\/wp-content\/uploads\/usu618\/2022\/03\/IMG_20220302_122449-1024x768.jpg 1024w, https:\/\/agora.xtec.cat\/iesdelvoltreganes\/wp-content\/uploads\/usu618\/2022\/03\/IMG_20220302_122449-768x576.jpg 768w, https:\/\/agora.xtec.cat\/iesdelvoltreganes\/wp-content\/uploads\/usu618\/2022\/03\/IMG_20220302_122449-200x150.jpg 200w, https:\/\/agora.xtec.cat\/iesdelvoltreganes\/wp-content\/uploads\/usu618\/2022\/03\/IMG_20220302_122449.jpg 1152w\" sizes=\"auto, (max-width: 300px) 100vw, 300px\" \/><\/a><\/p>\n","protected":false},"excerpt":{"rendered":"<p>Els alumnes de 1r d&#8217;ESo van visitar el mmaca, el museu de les matem\u00e0tiques de Catalunya. Van poder jugar amb les activitats del museu i treballant en equip van resoldre amb \u00e8xit la gimcana pels jardins del palau Mercader.<br \/>\n<a href=\"https:\/\/photos.app.goo.gl\/URhLTpt9tX9kp7TA8\" target=\"_blank\" rel=\"noopener\"><\/a><\/p>\n","protected":false},"author":6,"featured_media":0,"comment_status":"closed","ping_status":"closed","sticky":false,"template":"","format":"standard","meta":{"_bbp_topic_count":0,"_bbp_reply_count":0,"_bbp_total_topic_count":0,"_bbp_total_reply_count":0,"_bbp_voice_count":0,"_bbp_anonymous_reply_count":0,"_bbp_topic_count_hidden":0,"_bbp_reply_count_hidden":0,"_bbp_forum_subforum_count":0,"footnotes":""},"categories":[4,1,73,29],"tags":[39],"class_list":["post-5392","post","type-post","status-publish","format-standard","hentry","category-eso-1","category-general","category-matematiques","category-portada","tag-sortides"],"post_mailing_queue_ids":[],"_links":{"self":[{"href":"https:\/\/agora.xtec.cat\/iesdelvoltreganes\/wp-json\/wp\/v2\/posts\/5392","targetHints":{"allow":["GET"]}}],"collection":[{"href":"https:\/\/agora.xtec.cat\/iesdelvoltreganes\/wp-json\/wp\/v2\/posts"}],"about":[{"href":"https:\/\/agora.xtec.cat\/iesdelvoltreganes\/wp-json\/wp\/v2\/types\/post"}],"author":[{"embeddable":true,"href":"https:\/\/agora.xtec.cat\/iesdelvoltreganes\/wp-json\/wp\/v2\/users\/6"}],"replies":[{"embeddable":true,"href":"https:\/\/agora.xtec.cat\/iesdelvoltreganes\/wp-json\/wp\/v2\/comments?post=5392"}],"version-history":[{"count":3,"href":"https:\/\/agora.xtec.cat\/iesdelvoltreganes\/wp-json\/wp\/v2\/posts\/5392\/revisions"}],"predecessor-version":[{"id":5402,"href":"https:\/\/agora.xtec.cat\/iesdelvoltreganes\/wp-json\/wp\/v2\/posts\/5392\/revisions\/5402"}],"wp:attachment":[{"href":"https:\/\/agora.xtec.cat\/iesdelvoltreganes\/wp-json\/wp\/v2\/media?parent=5392"}],"wp:term":[{"taxonomy":"category","embeddable":true,"href":"https:\/\/agora.xtec.cat\/iesdelvoltreganes\/wp-json\/wp\/v2\/categories?post=5392"},{"taxonomy":"post_tag","embeddable":true,"href":"https:\/\/agora.xtec.cat\/iesdelvoltreganes\/wp-json\/wp\/v2\/tags?post=5392"}],"curies":[{"name":"wp","href":"https:\/\/api.w.org\/{rel}","templated":true}]}}