{"id":5386,"date":"2022-03-04T09:21:57","date_gmt":"2022-03-04T08:21:57","guid":{"rendered":"https:\/\/agora.xtec.cat\/iesdelvoltreganes\/?p=5386"},"modified":"2022-03-06T19:42:42","modified_gmt":"2022-03-06T18:42:42","slug":"die-stadt-un-projecte-de-llengua-alemanya-multinivell","status":"publish","type":"post","link":"https:\/\/agora.xtec.cat\/iesdelvoltreganes\/general\/die-stadt-un-projecte-de-llengua-alemanya-multinivell\/","title":{"rendered":"Die Stadt: un projecte de llengua alemanya multinivell"},"content":{"rendered":"<p>Aquest any a les classes d&#8217;alemany hem comen\u00e7at a treballar per nivells i fem projectes comuns on tothom en treu profit a partir del seu nivell. Vols saber de qu\u00e8 va? Doncs clica la foto seg\u00fcent:<\/p>\n<p><a href=\"https:\/\/view.genial.ly\/621ceca1d731ab0012129e47\/presentation-projecte-die-stadt\" target=\"_blank\" rel=\"noopener\"><img loading=\"lazy\" decoding=\"async\" class=\"alignnone wp-image-5387 size-medium\" src=\"https:\/\/agora.xtec.cat\/iesdelvoltreganes\/wp-content\/uploads\/usu618\/2022\/03\/IMG20220301141044-300x225.jpg\" alt=\"\" width=\"300\" height=\"225\" srcset=\"https:\/\/agora.xtec.cat\/iesdelvoltreganes\/wp-content\/uploads\/usu618\/2022\/03\/IMG20220301141044-300x225.jpg 300w, https:\/\/agora.xtec.cat\/iesdelvoltreganes\/wp-content\/uploads\/usu618\/2022\/03\/IMG20220301141044-768x576.jpg 768w, https:\/\/agora.xtec.cat\/iesdelvoltreganes\/wp-content\/uploads\/usu618\/2022\/03\/IMG20220301141044-200x150.jpg 200w, https:\/\/agora.xtec.cat\/iesdelvoltreganes\/wp-content\/uploads\/usu618\/2022\/03\/IMG20220301141044.jpg 1000w\" sizes=\"auto, (max-width: 300px) 100vw, 300px\" \/><\/a><\/p>\n<div style=\"width: 100%;\">\n<div style=\"position: relative; padding-bottom: 56.25%; padding-top: 0; height: 0;\"><iframe loading=\"lazy\" style=\"position: absolute; top: 0; left: 0; width: 100%; height: 100%;\" src=\"https:\/\/view.genial.ly\/621ceca1d731ab0012129e47\" width=\"1200px\" height=\"675px\" frameborder=\"0\" scrolling=\"yes\" allowfullscreen=\"allowfullscreen\" data-mce-fragment=\"1\"><\/iframe><\/div>\n<\/div>\n","protected":false},"excerpt":{"rendered":"<p>Aquest any a les classes d&#8217;alemany hem comen\u00e7at a treballar per nivells i fem projectes comuns on tothom en treu profit a partir del seu nivell. Vols saber de qu\u00e8 va? Doncs clica la foto seg\u00fcent:<br \/>\n<a href=\"https:\/\/view.genial.ly\/621ceca1d731ab0012129e47\/presentation-projecte-die-stadt\" target=\"_blank\" rel=\"noopener\"><\/a><\/p>\n","protected":false},"author":6,"featured_media":0,"comment_status":"closed","ping_status":"closed","sticky":false,"template":"","format":"standard","meta":{"_bbp_topic_count":0,"_bbp_reply_count":0,"_bbp_total_topic_count":0,"_bbp_total_reply_count":0,"_bbp_voice_count":0,"_bbp_anonymous_reply_count":0,"_bbp_topic_count_hidden":0,"_bbp_reply_count_hidden":0,"_bbp_forum_subforum_count":0,"footnotes":""},"categories":[1,71,29],"tags":[87],"class_list":["post-5386","post","type-post","status-publish","format-standard","hentry","category-general","category-llengues-estrangeres","category-portada","tag-projectes"],"post_mailing_queue_ids":[],"_links":{"self":[{"href":"https:\/\/agora.xtec.cat\/iesdelvoltreganes\/wp-json\/wp\/v2\/posts\/5386","targetHints":{"allow":["GET"]}}],"collection":[{"href":"https:\/\/agora.xtec.cat\/iesdelvoltreganes\/wp-json\/wp\/v2\/posts"}],"about":[{"href":"https:\/\/agora.xtec.cat\/iesdelvoltreganes\/wp-json\/wp\/v2\/types\/post"}],"author":[{"embeddable":true,"href":"https:\/\/agora.xtec.cat\/iesdelvoltreganes\/wp-json\/wp\/v2\/users\/6"}],"replies":[{"embeddable":true,"href":"https:\/\/agora.xtec.cat\/iesdelvoltreganes\/wp-json\/wp\/v2\/comments?post=5386"}],"version-history":[{"count":2,"href":"https:\/\/agora.xtec.cat\/iesdelvoltreganes\/wp-json\/wp\/v2\/posts\/5386\/revisions"}],"predecessor-version":[{"id":5399,"href":"https:\/\/agora.xtec.cat\/iesdelvoltreganes\/wp-json\/wp\/v2\/posts\/5386\/revisions\/5399"}],"wp:attachment":[{"href":"https:\/\/agora.xtec.cat\/iesdelvoltreganes\/wp-json\/wp\/v2\/media?parent=5386"}],"wp:term":[{"taxonomy":"category","embeddable":true,"href":"https:\/\/agora.xtec.cat\/iesdelvoltreganes\/wp-json\/wp\/v2\/categories?post=5386"},{"taxonomy":"post_tag","embeddable":true,"href":"https:\/\/agora.xtec.cat\/iesdelvoltreganes\/wp-json\/wp\/v2\/tags?post=5386"}],"curies":[{"name":"wp","href":"https:\/\/api.w.org\/{rel}","templated":true}]}}