{"id":5348,"date":"2022-02-21T11:07:18","date_gmt":"2022-02-21T10:07:18","guid":{"rendered":"https:\/\/agora.xtec.cat\/iesdelvoltreganes\/?p=5348"},"modified":"2022-02-21T12:09:44","modified_gmt":"2022-02-21T11:09:44","slug":"escaleta-i-guio-radiofonic","status":"publish","type":"post","link":"https:\/\/agora.xtec.cat\/iesdelvoltreganes\/general\/escaleta-i-guio-radiofonic\/","title":{"rendered":"Escaleta i gui\u00f3 radiof\u00f2nic"},"content":{"rendered":"<p><a href=\"https:\/\/photos.app.goo.gl\/pG4thPJZ3MmAb8WA7\" target=\"_blank\" rel=\"noopener\"><img loading=\"lazy\" decoding=\"async\" class=\"alignnone wp-image-5349 size-medium\" src=\"https:\/\/agora.xtec.cat\/iesdelvoltreganes\/wp-content\/uploads\/usu618\/2022\/02\/WhatsApp-Image-2022-02-04-at-19.10.43-300x225.jpeg\" alt=\"\" width=\"300\" height=\"225\" srcset=\"https:\/\/agora.xtec.cat\/iesdelvoltreganes\/wp-content\/uploads\/usu618\/2022\/02\/WhatsApp-Image-2022-02-04-at-19.10.43-300x225.jpeg 300w, https:\/\/agora.xtec.cat\/iesdelvoltreganes\/wp-content\/uploads\/usu618\/2022\/02\/WhatsApp-Image-2022-02-04-at-19.10.43-1024x768.jpeg 1024w, https:\/\/agora.xtec.cat\/iesdelvoltreganes\/wp-content\/uploads\/usu618\/2022\/02\/WhatsApp-Image-2022-02-04-at-19.10.43-768x576.jpeg 768w, https:\/\/agora.xtec.cat\/iesdelvoltreganes\/wp-content\/uploads\/usu618\/2022\/02\/WhatsApp-Image-2022-02-04-at-19.10.43-1536x1152.jpeg 1536w, https:\/\/agora.xtec.cat\/iesdelvoltreganes\/wp-content\/uploads\/usu618\/2022\/02\/WhatsApp-Image-2022-02-04-at-19.10.43-200x150.jpeg 200w, https:\/\/agora.xtec.cat\/iesdelvoltreganes\/wp-content\/uploads\/usu618\/2022\/02\/WhatsApp-Image-2022-02-04-at-19.10.43.jpeg 2048w\" sizes=\"auto, (max-width: 300px) 100vw, 300px\" \/><\/a><\/p>\n<p>Ja hem acabat el projecte del 2n torn de l&#8217;\u00e0mbit de comunicaci\u00f3 del programa de Recerca, Creaci\u00f3 i Servei a 4t d&#8217;ESO. Es tractava d&#8217;aprendre a fer una escaleta i un gui\u00f3 radiof\u00f2nic i despr\u00e9s gravar-ho. Hem agafat un tema que ens representa, la Generaci\u00f3 Z, l&#8217;hem guionat i l&#8217;hem gravat a R\u00e0dio Voltreg\u00e0. Hem de donar les gr\u00e0cies a l&#8217;Andreu Vilaregut de 1r de batxillerat, que treballa a r\u00e0dio Voltreg\u00e0 i que ha sigut el nostre immillorable t\u00e8cnic i muntador. Tamb\u00e9 hem de donar les gr\u00e0cies al Miquel Arum\u00ed, director de R\u00e0dio Voltreg\u00e0, per col\u00b7laborar amb nosaltres i posar-nos-ho tot tan f\u00e0cil.<\/p>\n<p>Us deixem unes quantes fotos de la gravaci\u00f3 a R\u00e0dio Voltreg\u00e0 i l&#8217;\u00e0udio del programa en si. Esperem que us agradi molt. El proper mes de mar\u00e7 una alumna del grup, l&#8217;Aina Ahumada, anir\u00e0 al programa L&#8217;ofici d&#8217;educar de Catalunya R\u00e0dio amb l&#8217;Elisabeth Pedrosa per representar el nostre centre. All\u00e0 li faran una entrevista perqu\u00e8 expliqui una mica de qu\u00e8 va el programa de r\u00e0dio que hem fet.<\/p>\n<p><a href=\"https:\/\/drive.google.com\/file\/d\/1Ilx1L45Q-q-ENTMe1xnS9w5vKEBrGoY5\/view?usp=sharing\" target=\"_blank\" rel=\"noopener\">Generaci\u00f3 Z<\/a><\/p>\n<p>&nbsp;<\/p>\n","protected":false},"excerpt":{"rendered":"<p><a href=\"https:\/\/photos.app.goo.gl\/pG4thPJZ3MmAb8WA7\" target=\"_blank\" rel=\"noopener\"><\/a><br \/>\nJa hem acabat el projecte del 2n torn de l&#8217;\u00e0mbit de comunicaci\u00f3 del programa de Recerca, Creaci\u00f3 i Servei a 4t d&#8217;ESO. Es tractava d&#8217;aprendre a fer una escaleta i un gui\u00f3 radiof\u00f2nic i despr\u00e9s gravar-ho. Hem agafat un tema que ens&hellip;  <a href=\"https:\/\/agora.xtec.cat\/iesdelvoltreganes\/general\/escaleta-i-guio-radiofonic\/\" title=\"Read Escaleta i gui\u00f3 radiof\u00f2nic\">Llegeix m\u00e9s\u00bb<\/a><\/p>\n","protected":false},"author":6,"featured_media":0,"comment_status":"closed","ping_status":"closed","sticky":false,"template":"","format":"standard","meta":{"_bbp_topic_count":0,"_bbp_reply_count":0,"_bbp_total_topic_count":0,"_bbp_total_reply_count":0,"_bbp_voice_count":0,"_bbp_anonymous_reply_count":0,"_bbp_topic_count_hidden":0,"_bbp_reply_count_hidden":0,"_bbp_forum_subforum_count":0,"footnotes":""},"categories":[7,1,29],"tags":[87],"class_list":["post-5348","post","type-post","status-publish","format-standard","hentry","category-eso-4","category-general","category-portada","tag-projectes"],"post_mailing_queue_ids":[],"_links":{"self":[{"href":"https:\/\/agora.xtec.cat\/iesdelvoltreganes\/wp-json\/wp\/v2\/posts\/5348","targetHints":{"allow":["GET"]}}],"collection":[{"href":"https:\/\/agora.xtec.cat\/iesdelvoltreganes\/wp-json\/wp\/v2\/posts"}],"about":[{"href":"https:\/\/agora.xtec.cat\/iesdelvoltreganes\/wp-json\/wp\/v2\/types\/post"}],"author":[{"embeddable":true,"href":"https:\/\/agora.xtec.cat\/iesdelvoltreganes\/wp-json\/wp\/v2\/users\/6"}],"replies":[{"embeddable":true,"href":"https:\/\/agora.xtec.cat\/iesdelvoltreganes\/wp-json\/wp\/v2\/comments?post=5348"}],"version-history":[{"count":3,"href":"https:\/\/agora.xtec.cat\/iesdelvoltreganes\/wp-json\/wp\/v2\/posts\/5348\/revisions"}],"predecessor-version":[{"id":5357,"href":"https:\/\/agora.xtec.cat\/iesdelvoltreganes\/wp-json\/wp\/v2\/posts\/5348\/revisions\/5357"}],"wp:attachment":[{"href":"https:\/\/agora.xtec.cat\/iesdelvoltreganes\/wp-json\/wp\/v2\/media?parent=5348"}],"wp:term":[{"taxonomy":"category","embeddable":true,"href":"https:\/\/agora.xtec.cat\/iesdelvoltreganes\/wp-json\/wp\/v2\/categories?post=5348"},{"taxonomy":"post_tag","embeddable":true,"href":"https:\/\/agora.xtec.cat\/iesdelvoltreganes\/wp-json\/wp\/v2\/tags?post=5348"}],"curies":[{"name":"wp","href":"https:\/\/api.w.org\/{rel}","templated":true}]}}