{"id":5341,"date":"2022-02-18T08:33:07","date_gmt":"2022-02-18T07:33:07","guid":{"rendered":"https:\/\/agora.xtec.cat\/iesdelvoltreganes\/?p=5341"},"modified":"2022-05-04T13:00:02","modified_gmt":"2022-05-04T11:00:02","slug":"porte-obertes","status":"publish","type":"post","link":"https:\/\/agora.xtec.cat\/iesdelvoltreganes\/general\/porte-obertes\/","title":{"rendered":"Preinscripci\u00f3 ESO"},"content":{"rendered":"<p><a href=\"https:\/\/drive.google.com\/file\/d\/1AevqBLC8TLbnCeRx6PKiq-q8ize6OIW6\/view?usp=sharing\" target=\"_blank\" rel=\"noopener\">Publicaci\u00f3 de la llista de sol\u00b7licituds que han demanat el centre i l&#8217;ensenyament en primera petici\u00f3 amb la puntuaci\u00f3 resoltes les reclamacions a 03\/05\/2022<\/a><\/p>\n<p><a href=\"https:\/\/agora.xtec.cat\/iesdelvoltreganes\/wp-content\/uploads\/usu618\/2022\/02\/cartell-Nou9-2022_page-0001.jpg\"><img loading=\"lazy\" decoding=\"async\" class=\"alignnone size-medium wp-image-5342\" src=\"https:\/\/agora.xtec.cat\/iesdelvoltreganes\/wp-content\/uploads\/usu618\/2022\/02\/cartell-Nou9-2022_page-0001-168x300.jpg\" alt=\"\" width=\"168\" height=\"300\" srcset=\"https:\/\/agora.xtec.cat\/iesdelvoltreganes\/wp-content\/uploads\/usu618\/2022\/02\/cartell-Nou9-2022_page-0001-168x300.jpg 168w, https:\/\/agora.xtec.cat\/iesdelvoltreganes\/wp-content\/uploads\/usu618\/2022\/02\/cartell-Nou9-2022_page-0001.jpg 572w\" sizes=\"auto, (max-width: 168px) 100vw, 168px\" \/><\/a><\/p>\n<p><a href=\"https:\/\/preinscripcio.gencat.cat\/ca\/inici\/\" target=\"_blank\" rel=\"noopener\">Preinscripci\u00f3: del 9 al 21 de mar\u00e7<\/a><br \/>\n<a href=\"https:\/\/drive.google.com\/file\/d\/1D5YyVW6AOZcGNNGkrshLuVgnZWG23xZW\/view?usp=sharing\" target=\"_blank\" rel=\"noopener\">Informaci\u00f3 fam\u00edlies preinscripci\u00f3<\/a><\/p>\n<h3><a href=\"https:\/\/aplicacions.gestioeducativa.gencat.cat\/pls\/apex\/f?p=CITA_PREVIA:4::::4:P4_TIPUS_CALENDARI,P4_DOMINI:01_JPO_O,08060976\" target=\"_blank\" rel=\"noopener\">Cita pr\u00e8via<\/a><\/h3>\n<p><a href=\"https:\/\/drive.google.com\/file\/d\/1Wvjz6Pwd0Lx0PI9kfcnchmWKcIl-IoO5\/view?usp=sharing\" target=\"_blank\" rel=\"noopener\">Oferta inicial de places<\/a><\/p>\n<p><a href=\"https:\/\/drive.google.com\/file\/d\/1lO0XI5F-iZs0WNWSmmmS9VIKVmQZfYCU\/view?usp=sharing\" target=\"_blank\" rel=\"noopener\">Publicaci\u00f3 de la llista de sol\u00b7licituds que han demanat el centre i l&#8217;ensenyament en primera<\/a><br \/>\npetici\u00f3 amb la puntuaci\u00f3 provisional a 21\/04\/2022<\/p>\n","protected":false},"excerpt":{"rendered":"<p><a href=\"https:\/\/drive.google.com\/file\/d\/1AevqBLC8TLbnCeRx6PKiq-q8ize6OIW6\/view?usp=sharing\" target=\"_blank\" rel=\"noopener\">Publicaci\u00f3 de la llista de sol\u00b7licituds que han demanat el centre i l&#8217;ensenyament en primera petici\u00f3 amb la puntuaci\u00f3 resoltes les reclamacions a 03\/05\/2022<\/a><br \/>\n<a href=\"https:\/\/agora.xtec.cat\/iesdelvoltreganes\/wp-content\/uploads\/usu618\/2022\/02\/cartell-Nou9-2022_page-0001.jpg\"><\/a><br \/>\n<a href=\"https:\/\/preinscripcio.gencat.cat\/ca\/inici\/\" target=\"_blank\" rel=\"noopener\">Preinscripci\u00f3: del 9 al 21 de mar\u00e7<\/a><br \/>\n<a href=\"https:\/\/drive.google.com\/file\/d\/1D5YyVW6AOZcGNNGkrshLuVgnZWG23xZW\/view?usp=sharing\" target=\"_blank\" rel=\"noopener\">Informaci\u00f3 fam\u00edlies preinscripci\u00f3<\/a><br \/>\n<a href=\"https:\/\/aplicacions.gestioeducativa.gencat.cat\/pls\/apex\/f?p=CITA_PREVIA:4::::4:P4_TIPUS_CALENDARI,P4_DOMINI:01_JPO_O,08060976\" target=\"_blank\" rel=\"noopener\">Cita&hellip;  <a href=\"https:\/\/agora.xtec.cat\/iesdelvoltreganes\/general\/porte-obertes\/\" title=\"Read Preinscripci\u00f3 ESO\">Llegeix m\u00e9s\u00bb<\/a><\/p>\n","protected":false},"author":6,"featured_media":0,"comment_status":"closed","ping_status":"closed","sticky":false,"template":"","format":"standard","meta":{"_bbp_topic_count":0,"_bbp_reply_count":0,"_bbp_total_topic_count":0,"_bbp_total_reply_count":0,"_bbp_voice_count":0,"_bbp_anonymous_reply_count":0,"_bbp_topic_count_hidden":0,"_bbp_reply_count_hidden":0,"_bbp_forum_subforum_count":0,"footnotes":""},"categories":[1,29],"tags":[149],"class_list":["post-5341","post","type-post","status-publish","format-standard","hentry","category-general","category-portada","tag-portes-obertes"],"post_mailing_queue_ids":[],"_links":{"self":[{"href":"https:\/\/agora.xtec.cat\/iesdelvoltreganes\/wp-json\/wp\/v2\/posts\/5341","targetHints":{"allow":["GET"]}}],"collection":[{"href":"https:\/\/agora.xtec.cat\/iesdelvoltreganes\/wp-json\/wp\/v2\/posts"}],"about":[{"href":"https:\/\/agora.xtec.cat\/iesdelvoltreganes\/wp-json\/wp\/v2\/types\/post"}],"author":[{"embeddable":true,"href":"https:\/\/agora.xtec.cat\/iesdelvoltreganes\/wp-json\/wp\/v2\/users\/6"}],"replies":[{"embeddable":true,"href":"https:\/\/agora.xtec.cat\/iesdelvoltreganes\/wp-json\/wp\/v2\/comments?post=5341"}],"version-history":[{"count":4,"href":"https:\/\/agora.xtec.cat\/iesdelvoltreganes\/wp-json\/wp\/v2\/posts\/5341\/revisions"}],"predecessor-version":[{"id":5527,"href":"https:\/\/agora.xtec.cat\/iesdelvoltreganes\/wp-json\/wp\/v2\/posts\/5341\/revisions\/5527"}],"wp:attachment":[{"href":"https:\/\/agora.xtec.cat\/iesdelvoltreganes\/wp-json\/wp\/v2\/media?parent=5341"}],"wp:term":[{"taxonomy":"category","embeddable":true,"href":"https:\/\/agora.xtec.cat\/iesdelvoltreganes\/wp-json\/wp\/v2\/categories?post=5341"},{"taxonomy":"post_tag","embeddable":true,"href":"https:\/\/agora.xtec.cat\/iesdelvoltreganes\/wp-json\/wp\/v2\/tags?post=5341"}],"curies":[{"name":"wp","href":"https:\/\/api.w.org\/{rel}","templated":true}]}}