{"id":5299,"date":"2021-12-20T11:47:16","date_gmt":"2021-12-20T10:47:16","guid":{"rendered":"https:\/\/agora.xtec.cat\/iesdelvoltreganes\/?p=5299"},"modified":"2021-12-21T09:08:57","modified_gmt":"2021-12-21T08:08:57","slug":"la-pedrera","status":"publish","type":"post","link":"https:\/\/agora.xtec.cat\/iesdelvoltreganes\/general\/la-pedrera\/","title":{"rendered":"La Pedrera"},"content":{"rendered":"<p>Els alumnes de 2n de batxillerat han visitat la casa Mil\u00e0, la Pedrera. \u00c9s considerat l\u2019edifici civil m\u00e9s emblem\u00e0tic d\u2019Antoni Gaud\u00ed, per les innovacions constructives i funcionals i per les solucions ornamentals i decoratives que trenquen amb els estils arquitect\u00f2nics del seu temps.<\/p>\n<p><a href=\"https:\/\/agora.xtec.cat\/iesdelvoltreganes\/wp-content\/uploads\/usu618\/2021\/12\/20211217_105649-scaled.jpg\"><img loading=\"lazy\" decoding=\"async\" class=\"alignnone size-medium wp-image-5300\" src=\"https:\/\/agora.xtec.cat\/iesdelvoltreganes\/wp-content\/uploads\/usu618\/2021\/12\/20211217_105649-146x300.jpg\" alt=\"\" width=\"146\" height=\"300\" srcset=\"https:\/\/agora.xtec.cat\/iesdelvoltreganes\/wp-content\/uploads\/usu618\/2021\/12\/20211217_105649-146x300.jpg 146w, https:\/\/agora.xtec.cat\/iesdelvoltreganes\/wp-content\/uploads\/usu618\/2021\/12\/20211217_105649-498x1024.jpg 498w, https:\/\/agora.xtec.cat\/iesdelvoltreganes\/wp-content\/uploads\/usu618\/2021\/12\/20211217_105649-768x1580.jpg 768w, https:\/\/agora.xtec.cat\/iesdelvoltreganes\/wp-content\/uploads\/usu618\/2021\/12\/20211217_105649-747x1536.jpg 747w, https:\/\/agora.xtec.cat\/iesdelvoltreganes\/wp-content\/uploads\/usu618\/2021\/12\/20211217_105649-996x2048.jpg 996w, https:\/\/agora.xtec.cat\/iesdelvoltreganes\/wp-content\/uploads\/usu618\/2021\/12\/20211217_105649-scaled.jpg 1244w\" sizes=\"auto, (max-width: 146px) 100vw, 146px\" \/><\/a><a href=\"https:\/\/agora.xtec.cat\/iesdelvoltreganes\/wp-content\/uploads\/usu618\/2021\/12\/IMG_20211220_111531-scaled-e1639997285608.jpg\"><img loading=\"lazy\" decoding=\"async\" class=\"alignnone size-medium wp-image-5301\" src=\"https:\/\/agora.xtec.cat\/iesdelvoltreganes\/wp-content\/uploads\/usu618\/2021\/12\/IMG_20211220_111531-scaled-e1639997285608-213x300.jpg\" alt=\"\" width=\"213\" height=\"300\" srcset=\"https:\/\/agora.xtec.cat\/iesdelvoltreganes\/wp-content\/uploads\/usu618\/2021\/12\/IMG_20211220_111531-scaled-e1639997285608-213x300.jpg 213w, https:\/\/agora.xtec.cat\/iesdelvoltreganes\/wp-content\/uploads\/usu618\/2021\/12\/IMG_20211220_111531-scaled-e1639997285608-727x1024.jpg 727w, https:\/\/agora.xtec.cat\/iesdelvoltreganes\/wp-content\/uploads\/usu618\/2021\/12\/IMG_20211220_111531-scaled-e1639997285608-768x1081.jpg 768w, https:\/\/agora.xtec.cat\/iesdelvoltreganes\/wp-content\/uploads\/usu618\/2021\/12\/IMG_20211220_111531-scaled-e1639997285608-1091x1536.jpg 1091w, https:\/\/agora.xtec.cat\/iesdelvoltreganes\/wp-content\/uploads\/usu618\/2021\/12\/IMG_20211220_111531-scaled-e1639997285608-1455x2048.jpg 1455w, https:\/\/agora.xtec.cat\/iesdelvoltreganes\/wp-content\/uploads\/usu618\/2021\/12\/IMG_20211220_111531-scaled-e1639997285608.jpg 1493w\" sizes=\"auto, (max-width: 213px) 100vw, 213px\" \/><\/a><\/p>\n<p>Els alumnes que fan dibuix t\u00e8cnic han dibuixat xememeies que hi ha al terrat de la Pedrera. Gaud\u00ed les va fer girar sobre si mateixes, seguint un tra\u00e7at interior i exterior que obeeix al despla\u00e7ament aerodin\u00e0mic dels fums.<\/p>\n","protected":false},"excerpt":{"rendered":"<p>Els alumnes de 2n de batxillerat han visitat la casa Mil\u00e0, la Pedrera. \u00c9s considerat l\u2019edifici civil m\u00e9s emblem\u00e0tic d\u2019Antoni Gaud\u00ed, per les innovacions constructives i funcionals i per les solucions ornamentals i decoratives que trenquen amb els estils arquitect\u00f2nics del seu temps.<br \/>\n<a href=\"https:\/\/agora.xtec.cat\/iesdelvoltreganes\/wp-content\/uploads\/usu618\/2021\/12\/20211217_105649-scaled.jpg\"><\/a><a href=\"https:\/\/agora.xtec.cat\/iesdelvoltreganes\/wp-content\/uploads\/usu618\/2021\/12\/IMG_20211220_111531-scaled-e1639997285608.jpg\"><\/a><br \/>\nEls&hellip;  <a href=\"https:\/\/agora.xtec.cat\/iesdelvoltreganes\/general\/la-pedrera\/\" title=\"Read La Pedrera\">Llegeix m\u00e9s\u00bb<\/a><\/p>\n","protected":false},"author":6,"featured_media":0,"comment_status":"closed","ping_status":"closed","sticky":false,"template":"","format":"standard","meta":{"_bbp_topic_count":0,"_bbp_reply_count":0,"_bbp_total_topic_count":0,"_bbp_total_reply_count":0,"_bbp_voice_count":0,"_bbp_anonymous_reply_count":0,"_bbp_topic_count_hidden":0,"_bbp_reply_count_hidden":0,"_bbp_forum_subforum_count":0,"footnotes":""},"categories":[8,1,29],"tags":[39],"class_list":["post-5299","post","type-post","status-publish","format-standard","hentry","category-batxillerat","category-general","category-portada","tag-sortides"],"post_mailing_queue_ids":[],"_links":{"self":[{"href":"https:\/\/agora.xtec.cat\/iesdelvoltreganes\/wp-json\/wp\/v2\/posts\/5299","targetHints":{"allow":["GET"]}}],"collection":[{"href":"https:\/\/agora.xtec.cat\/iesdelvoltreganes\/wp-json\/wp\/v2\/posts"}],"about":[{"href":"https:\/\/agora.xtec.cat\/iesdelvoltreganes\/wp-json\/wp\/v2\/types\/post"}],"author":[{"embeddable":true,"href":"https:\/\/agora.xtec.cat\/iesdelvoltreganes\/wp-json\/wp\/v2\/users\/6"}],"replies":[{"embeddable":true,"href":"https:\/\/agora.xtec.cat\/iesdelvoltreganes\/wp-json\/wp\/v2\/comments?post=5299"}],"version-history":[{"count":3,"href":"https:\/\/agora.xtec.cat\/iesdelvoltreganes\/wp-json\/wp\/v2\/posts\/5299\/revisions"}],"predecessor-version":[{"id":5310,"href":"https:\/\/agora.xtec.cat\/iesdelvoltreganes\/wp-json\/wp\/v2\/posts\/5299\/revisions\/5310"}],"wp:attachment":[{"href":"https:\/\/agora.xtec.cat\/iesdelvoltreganes\/wp-json\/wp\/v2\/media?parent=5299"}],"wp:term":[{"taxonomy":"category","embeddable":true,"href":"https:\/\/agora.xtec.cat\/iesdelvoltreganes\/wp-json\/wp\/v2\/categories?post=5299"},{"taxonomy":"post_tag","embeddable":true,"href":"https:\/\/agora.xtec.cat\/iesdelvoltreganes\/wp-json\/wp\/v2\/tags?post=5299"}],"curies":[{"name":"wp","href":"https:\/\/api.w.org\/{rel}","templated":true}]}}