{"id":5280,"date":"2021-11-23T09:25:34","date_gmt":"2021-11-23T08:25:34","guid":{"rendered":"https:\/\/agora.xtec.cat\/iesdelvoltreganes\/?p=5280"},"modified":"2021-11-29T11:54:49","modified_gmt":"2021-11-29T10:54:49","slug":"v-jornades-de-memoria-democratica-dosona","status":"publish","type":"post","link":"https:\/\/agora.xtec.cat\/iesdelvoltreganes\/general\/v-jornades-de-memoria-democratica-dosona\/","title":{"rendered":"V Jornades de Mem\u00f2ria Democr\u00e0tica d&#8217;Osona"},"content":{"rendered":"<p><a href=\"https:\/\/agora.xtec.cat\/iesdelvoltreganes\/wp-content\/uploads\/usu618\/2021\/11\/baixa.jpg\"> \u00a0 <\/a><img loading=\"lazy\" decoding=\"async\" class=\"alignnone wp-image-5286 size-full\" src=\"https:\/\/agora.xtec.cat\/iesdelvoltreganes\/wp-content\/uploads\/usu618\/2021\/11\/baixa.jpg\" alt=\"\" width=\"189\" height=\"267\" \/><\/p>\n<p>Divendres passat, els nostres alumnes de segon de batxillerat van assistir a les V Jornades de Mem\u00f2ria Democr\u00e0tica d&#8217;Osona. Aquest any estaven centrades en la repressi\u00f3, la resist\u00e8ncia i la clandestinitat, entre 1936-1975. Es van celebrar a Can Costa Centre Cultural de Taradell.<\/p>\n<p>Durant l&#8217;acte es va fer la presentaci\u00f3 i es va poder veure la projecci\u00f3 del documental fet pel Grup de Recerca Local de Taradell sobre &#8220;Els represaliats de la Guerra Civil a Taradell: el mestres Anastasi Aranda&#8221;. Tamb\u00e9 es va seguir la Confer\u00e8ncia sobre &#8220;L&#8217;hospital de guerra de Taradell&#8221;, a c\u00e0rrec de Jacint Altimiras, doctor del Consorci Hospitalari de Vic. Despr\u00e9s d&#8217;un esmorzar a c\u00e0rrec de l&#8217;organitzaci\u00f3, el nostre alumnat va poder assistir a la presentaci\u00f3 de treballs de recerca de batxillerat vinculats en aquesta tem\u00e0tica i finalment es va poder visitar exposici\u00f3 &#8216;Dietari&#8217;.<\/p>\n","protected":false},"excerpt":{"rendered":"<p><a href=\"https:\/\/agora.xtec.cat\/iesdelvoltreganes\/wp-content\/uploads\/usu618\/2021\/11\/baixa.jpg\"> \u00a0 <\/a><br \/>\nDivendres passat, els nostres alumnes de segon de batxillerat van assistir a les V Jornades de Mem\u00f2ria Democr\u00e0tica d&#8217;Osona. Aquest any estaven centrades en la repressi\u00f3, la resist\u00e8ncia i la clandestinitat, entre 1936-1975. Es van celebrar a Can Costa Centre Cultural de&hellip;  <a href=\"https:\/\/agora.xtec.cat\/iesdelvoltreganes\/general\/v-jornades-de-memoria-democratica-dosona\/\" title=\"Read V Jornades de Mem\u00f2ria Democr\u00e0tica d&#8217;Osona\">Llegeix m\u00e9s\u00bb<\/a><\/p>\n","protected":false},"author":6,"featured_media":0,"comment_status":"closed","ping_status":"closed","sticky":false,"template":"","format":"standard","meta":{"_bbp_topic_count":0,"_bbp_reply_count":0,"_bbp_total_topic_count":0,"_bbp_total_reply_count":0,"_bbp_voice_count":0,"_bbp_anonymous_reply_count":0,"_bbp_topic_count_hidden":0,"_bbp_reply_count_hidden":0,"_bbp_forum_subforum_count":0,"footnotes":""},"categories":[8,66,1,29],"tags":[],"class_list":["post-5280","post","type-post","status-publish","format-standard","hentry","category-batxillerat","category-ciencies-socials","category-general","category-portada"],"post_mailing_queue_ids":[],"_links":{"self":[{"href":"https:\/\/agora.xtec.cat\/iesdelvoltreganes\/wp-json\/wp\/v2\/posts\/5280","targetHints":{"allow":["GET"]}}],"collection":[{"href":"https:\/\/agora.xtec.cat\/iesdelvoltreganes\/wp-json\/wp\/v2\/posts"}],"about":[{"href":"https:\/\/agora.xtec.cat\/iesdelvoltreganes\/wp-json\/wp\/v2\/types\/post"}],"author":[{"embeddable":true,"href":"https:\/\/agora.xtec.cat\/iesdelvoltreganes\/wp-json\/wp\/v2\/users\/6"}],"replies":[{"embeddable":true,"href":"https:\/\/agora.xtec.cat\/iesdelvoltreganes\/wp-json\/wp\/v2\/comments?post=5280"}],"version-history":[{"count":3,"href":"https:\/\/agora.xtec.cat\/iesdelvoltreganes\/wp-json\/wp\/v2\/posts\/5280\/revisions"}],"predecessor-version":[{"id":5294,"href":"https:\/\/agora.xtec.cat\/iesdelvoltreganes\/wp-json\/wp\/v2\/posts\/5280\/revisions\/5294"}],"wp:attachment":[{"href":"https:\/\/agora.xtec.cat\/iesdelvoltreganes\/wp-json\/wp\/v2\/media?parent=5280"}],"wp:term":[{"taxonomy":"category","embeddable":true,"href":"https:\/\/agora.xtec.cat\/iesdelvoltreganes\/wp-json\/wp\/v2\/categories?post=5280"},{"taxonomy":"post_tag","embeddable":true,"href":"https:\/\/agora.xtec.cat\/iesdelvoltreganes\/wp-json\/wp\/v2\/tags?post=5280"}],"curies":[{"name":"wp","href":"https:\/\/api.w.org\/{rel}","templated":true}]}}