{"id":5274,"date":"2021-11-22T09:53:48","date_gmt":"2021-11-22T08:53:48","guid":{"rendered":"https:\/\/agora.xtec.cat\/iesdelvoltreganes\/?p=5274"},"modified":"2021-11-23T09:26:50","modified_gmt":"2021-11-23T08:26:50","slug":"nanotecnologia","status":"publish","type":"post","link":"https:\/\/agora.xtec.cat\/iesdelvoltreganes\/general\/nanotecnologia\/","title":{"rendered":"Nanotecnologia"},"content":{"rendered":"<p><a href=\"https:\/\/agora.xtec.cat\/iesdelvoltreganes\/wp-content\/uploads\/usu618\/2021\/11\/DSC_0290.jpg\"><img loading=\"lazy\" decoding=\"async\" class=\"alignnone size-medium wp-image-5275\" src=\"https:\/\/agora.xtec.cat\/iesdelvoltreganes\/wp-content\/uploads\/usu618\/2021\/11\/DSC_0290-300x199.jpg\" alt=\"\" width=\"300\" height=\"199\" srcset=\"https:\/\/agora.xtec.cat\/iesdelvoltreganes\/wp-content\/uploads\/usu618\/2021\/11\/DSC_0290-300x199.jpg 300w, https:\/\/agora.xtec.cat\/iesdelvoltreganes\/wp-content\/uploads\/usu618\/2021\/11\/DSC_0290-1024x681.jpg 1024w, https:\/\/agora.xtec.cat\/iesdelvoltreganes\/wp-content\/uploads\/usu618\/2021\/11\/DSC_0290-768x511.jpg 768w, https:\/\/agora.xtec.cat\/iesdelvoltreganes\/wp-content\/uploads\/usu618\/2021\/11\/DSC_0290.jpg 1504w\" sizes=\"auto, (max-width: 300px) 100vw, 300px\" \/><\/a><a href=\"https:\/\/agora.xtec.cat\/iesdelvoltreganes\/wp-content\/uploads\/usu618\/2021\/11\/DSC_0273.jpg\"><img loading=\"lazy\" decoding=\"async\" class=\"alignnone size-medium wp-image-5276\" src=\"https:\/\/agora.xtec.cat\/iesdelvoltreganes\/wp-content\/uploads\/usu618\/2021\/11\/DSC_0273-300x199.jpg\" alt=\"\" width=\"300\" height=\"199\" srcset=\"https:\/\/agora.xtec.cat\/iesdelvoltreganes\/wp-content\/uploads\/usu618\/2021\/11\/DSC_0273-300x199.jpg 300w, https:\/\/agora.xtec.cat\/iesdelvoltreganes\/wp-content\/uploads\/usu618\/2021\/11\/DSC_0273-1024x681.jpg 1024w, https:\/\/agora.xtec.cat\/iesdelvoltreganes\/wp-content\/uploads\/usu618\/2021\/11\/DSC_0273-768x511.jpg 768w, https:\/\/agora.xtec.cat\/iesdelvoltreganes\/wp-content\/uploads\/usu618\/2021\/11\/DSC_0273.jpg 1504w\" sizes=\"auto, (max-width: 300px) 100vw, 300px\" \/><\/a><\/p>\n<p><span style=\"font-weight: 400;\">Amb els alumnes de 1r de batxillerat tecnol\u00f2gic hem dedicat\u00a0 la setmana de la ci\u00e8ncia a la nanotecnologia. El primer dia vam veure un v\u00eddeo \u201c<\/span><a href=\"https:\/\/www.youtube.com\/watch?v=Zi2a6jw0xbY&amp;list=PLLQ9eilh3HgcMJ2vuFrF5Qh6zfDkgg8vZ\"><span style=\"font-weight: 400;\">II Festival 10alamenos9-Jordi Arbiol (\u201cVeient els \u00e0toms de prop: un viatge al nanom\u00f3n\u201d )<\/span><\/a><span style=\"font-weight: 400;\">\u201d com a presentaci\u00f3 del tema. Tamb\u00e9 vam llegir un article sobre en Richard Feynman \u201c<\/span><a href=\"https:\/\/www.ara.cat\/ciencia-medi-ambient\/richard-feynman-anys-dirreverencia_1_2747275.html\"><span style=\"font-weight: 400;\">Richard Feynman: 100 anys d\u2019irrever\u00e8ncia<\/span><\/a><span style=\"font-weight: 400;\">\u201d.<\/span><\/p>\n<p><span style=\"font-weight: 400;\">Hem fet dues pr\u00e0ctiques del nanokit, encapsular cocacola i la pr\u00e0ctica de les nanopart\u00edcules de plata. Tamb\u00e9 hem mirat diferents v\u00eddeos relacionats amb la nanotecnologia i la nanoci\u00e8ncia. Hem repartit els seg\u00fcents temes:<\/span><\/p>\n<ul>\n<li style=\"font-weight: 400;\" aria-level=\"1\"><span style=\"font-weight: 400;\">Superf\u00edcies hidr\u00f2fobes<\/span><\/li>\n<li style=\"font-weight: 400;\" aria-level=\"1\"><span style=\"font-weight: 400;\">Nanoencapsulaci\u00f3<\/span><\/li>\n<li style=\"font-weight: 400;\" aria-level=\"1\"><span style=\"font-weight: 400;\">Materials amb propietats especials, nitinol-graf\u00e8<\/span><\/li>\n<li style=\"font-weight: 400;\" aria-level=\"1\"><span style=\"font-weight: 400;\">Nanomedicina, ferrofluid<\/span><\/li>\n<li style=\"font-weight: 400;\" aria-level=\"1\"><span style=\"font-weight: 400;\">Nanopart\u00edcules de plata<\/span><\/li>\n<\/ul>\n<p><span style=\"font-weight: 400;\">els alumnes han buscat informaci\u00f3 i han fet un p\u00f2ster.<\/span><\/p>\n","protected":false},"excerpt":{"rendered":"<p><a href=\"https:\/\/agora.xtec.cat\/iesdelvoltreganes\/wp-content\/uploads\/usu618\/2021\/11\/DSC_0290.jpg\"><\/a><a href=\"https:\/\/agora.xtec.cat\/iesdelvoltreganes\/wp-content\/uploads\/usu618\/2021\/11\/DSC_0273.jpg\"><\/a><br \/>\nAmb els alumnes de 1r de batxillerat tecnol\u00f2gic hem dedicat\u00a0 la setmana de la ci\u00e8ncia a la nanotecnologia. El primer dia vam veure un v\u00eddeo \u201c<a href=\"https:\/\/www.youtube.com\/watch?v=Zi2a6jw0xbY&amp;list=PLLQ9eilh3HgcMJ2vuFrF5Qh6zfDkgg8vZ\">II Festival 10alamenos9-Jordi Arbiol (\u201cVeient els \u00e0toms de prop: un viatge al nanom\u00f3n\u201d )<\/a>\u201d com a presentaci\u00f3&hellip;  <a href=\"https:\/\/agora.xtec.cat\/iesdelvoltreganes\/general\/nanotecnologia\/\" title=\"Read Nanotecnologia\">Llegeix m\u00e9s\u00bb<\/a><\/p>\n","protected":false},"author":6,"featured_media":0,"comment_status":"closed","ping_status":"closed","sticky":false,"template":"","format":"standard","meta":{"_bbp_topic_count":0,"_bbp_reply_count":0,"_bbp_total_topic_count":0,"_bbp_total_reply_count":0,"_bbp_voice_count":0,"_bbp_anonymous_reply_count":0,"_bbp_topic_count_hidden":0,"_bbp_reply_count_hidden":0,"_bbp_forum_subforum_count":0,"footnotes":""},"categories":[8,1,29],"tags":[154],"class_list":["post-5274","post","type-post","status-publish","format-standard","hentry","category-batxillerat","category-general","category-portada","tag-setmana-de-la-ciencia"],"post_mailing_queue_ids":[],"_links":{"self":[{"href":"https:\/\/agora.xtec.cat\/iesdelvoltreganes\/wp-json\/wp\/v2\/posts\/5274","targetHints":{"allow":["GET"]}}],"collection":[{"href":"https:\/\/agora.xtec.cat\/iesdelvoltreganes\/wp-json\/wp\/v2\/posts"}],"about":[{"href":"https:\/\/agora.xtec.cat\/iesdelvoltreganes\/wp-json\/wp\/v2\/types\/post"}],"author":[{"embeddable":true,"href":"https:\/\/agora.xtec.cat\/iesdelvoltreganes\/wp-json\/wp\/v2\/users\/6"}],"replies":[{"embeddable":true,"href":"https:\/\/agora.xtec.cat\/iesdelvoltreganes\/wp-json\/wp\/v2\/comments?post=5274"}],"version-history":[{"count":2,"href":"https:\/\/agora.xtec.cat\/iesdelvoltreganes\/wp-json\/wp\/v2\/posts\/5274\/revisions"}],"predecessor-version":[{"id":5283,"href":"https:\/\/agora.xtec.cat\/iesdelvoltreganes\/wp-json\/wp\/v2\/posts\/5274\/revisions\/5283"}],"wp:attachment":[{"href":"https:\/\/agora.xtec.cat\/iesdelvoltreganes\/wp-json\/wp\/v2\/media?parent=5274"}],"wp:term":[{"taxonomy":"category","embeddable":true,"href":"https:\/\/agora.xtec.cat\/iesdelvoltreganes\/wp-json\/wp\/v2\/categories?post=5274"},{"taxonomy":"post_tag","embeddable":true,"href":"https:\/\/agora.xtec.cat\/iesdelvoltreganes\/wp-json\/wp\/v2\/tags?post=5274"}],"curies":[{"name":"wp","href":"https:\/\/api.w.org\/{rel}","templated":true}]}}