{"id":5269,"date":"2021-11-22T09:01:39","date_gmt":"2021-11-22T08:01:39","guid":{"rendered":"https:\/\/agora.xtec.cat\/iesdelvoltreganes\/?p=5269"},"modified":"2021-11-22T11:46:21","modified_gmt":"2021-11-22T10:46:21","slug":"reaccions-de-reduccio-oxidacio-redox","status":"publish","type":"post","link":"https:\/\/agora.xtec.cat\/iesdelvoltreganes\/general\/reaccions-de-reduccio-oxidacio-redox\/","title":{"rendered":"Reaccions de reducci\u00f3-oxidaci\u00f3 (REDOX)"},"content":{"rendered":"<p><a href=\"https:\/\/photos.app.goo.gl\/X2RJ4VqcFwqNGwkr7\" target=\"_blank\" rel=\"noopener\"><img loading=\"lazy\" decoding=\"async\" class=\"alignnone wp-image-5278 size-medium\" src=\"https:\/\/agora.xtec.cat\/iesdelvoltreganes\/wp-content\/uploads\/usu618\/2021\/11\/IMG_20211108_083344-300x225.jpg\" alt=\"\" width=\"300\" height=\"225\" srcset=\"https:\/\/agora.xtec.cat\/iesdelvoltreganes\/wp-content\/uploads\/usu618\/2021\/11\/IMG_20211108_083344-300x225.jpg 300w, https:\/\/agora.xtec.cat\/iesdelvoltreganes\/wp-content\/uploads\/usu618\/2021\/11\/IMG_20211108_083344-1024x768.jpg 1024w, https:\/\/agora.xtec.cat\/iesdelvoltreganes\/wp-content\/uploads\/usu618\/2021\/11\/IMG_20211108_083344-768x576.jpg 768w, https:\/\/agora.xtec.cat\/iesdelvoltreganes\/wp-content\/uploads\/usu618\/2021\/11\/IMG_20211108_083344-1536x1152.jpg 1536w, https:\/\/agora.xtec.cat\/iesdelvoltreganes\/wp-content\/uploads\/usu618\/2021\/11\/IMG_20211108_083344-200x150.jpg 200w, https:\/\/agora.xtec.cat\/iesdelvoltreganes\/wp-content\/uploads\/usu618\/2021\/11\/IMG_20211108_083344.jpg 1632w\" sizes=\"auto, (max-width: 300px) 100vw, 300px\" \/><\/a><\/p>\n<p>Les reaccions de Reducci\u00f3-Oxidaci\u00f3 (REDOX) s\u00f3n importants perqu\u00e8 formen part de nosaltres (sistema nervi\u00f3s, per exemple) o de processos tecnol\u00f2gics claus per a l\u2019organitzaci\u00f3 i l\u2019economia de la societat com \u00e9s l\u2019obtenci\u00f3 de metalls.<\/p>\n<p>Precisament aix\u00f2 \u00e9s el qu\u00e8 hem fet en una pr\u00e0ctica durant aquesta Setmana de la Ci\u00e8ncia. Els alumnes han convertit un \u00f2xid de ferro en ferro metall. Mitjan\u00e7ant la carbonitzaci\u00f3 d\u2019un pal de fusta, arrebossant-lo posteriorment amb l\u2019\u00f2xid i cremant la mescla a alta temperatura (foc de gas) s\u2019aconsegueix el metall. Per separar-lo de les cendres han fet servir un potent imant de Neodimi.<\/p>\n<p>Per\u00f2 aix\u00f2 no \u00e9s tot. Aprofitant les propietats com a pigment de l\u2019\u00f2xid de ferro, del carb\u00f3 i de la cal\u00e7 han fet una investigaci\u00f3 de com s\u2019obtenien i com es preparaven aquest tipus de pigments i qui els feia servir. Aix\u00ed, han vist que, a part d\u2019utilitzar-se des dels principis de l\u2019art, a les coves prehist\u00f2riques, una de les civilitzacions antigues amb una tecnologia m\u00e9s avan\u00e7ada pel qu\u00e8 fa als pigments minerals i d\u2019altres tipus eren els egipcis (s\u00f3n la primera cultura que en va sintetitzar qu\u00edmicament).<\/p>\n<p>Aix\u00ed \u00e9s com cobra vida la proposta de pintar l\u2019Ull d\u2019Horus (UDJAT) sobre una pedra amb pigments minerals i con\u00e8ixer la import\u00e0ncia religiosa i matem\u00e0tica d\u2019aquest s\u00edmbol per a l&#8217;Imperi Egipci. No nom\u00e9s era un s\u00edmbol del poder div\u00ed atorgat als metges per curar sin\u00f3 que era el guardi\u00e0 d\u2019una s\u00e8rie matem\u00e0tica de fraccions que el d\u00e9u Horus havia comunicat als humans per repartir les collites de forma efectiva i proporcional entre la poblaci\u00f3. Aquesta s\u00e8rie matem\u00e0tica \u00e9s una s\u00e8rie de pot\u00e8ncies de 2 fraccion\u00e0ries que hem estat treballant a classe: 1\/2, 1\/4, 1\/8, 1\/16, 1\/32 i 1\/64.<\/p>\n<p>Un cop acabada aquesta recerca, us ensenyem el proc\u00e9s i els resultats.<\/p>\n","protected":false},"excerpt":{"rendered":"<p><a href=\"https:\/\/photos.app.goo.gl\/X2RJ4VqcFwqNGwkr7\" target=\"_blank\" rel=\"noopener\"><\/a><br \/>\nLes reaccions de Reducci\u00f3-Oxidaci\u00f3 (REDOX) s\u00f3n importants perqu\u00e8 formen part de nosaltres (sistema nervi\u00f3s, per exemple) o de processos tecnol\u00f2gics claus per a l\u2019organitzaci\u00f3 i l\u2019economia de la societat com \u00e9s l\u2019obtenci\u00f3 de metalls.<br \/>\nPrecisament aix\u00f2 \u00e9s el qu\u00e8 hem fet en una&hellip;  <a href=\"https:\/\/agora.xtec.cat\/iesdelvoltreganes\/general\/reaccions-de-reduccio-oxidacio-redox\/\" title=\"Read Reaccions de reducci\u00f3-oxidaci\u00f3 (REDOX)\">Llegeix m\u00e9s\u00bb<\/a><\/p>\n","protected":false},"author":6,"featured_media":0,"comment_status":"closed","ping_status":"closed","sticky":false,"template":"","format":"standard","meta":{"_bbp_topic_count":0,"_bbp_reply_count":0,"_bbp_total_topic_count":0,"_bbp_total_reply_count":0,"_bbp_voice_count":0,"_bbp_anonymous_reply_count":0,"_bbp_topic_count_hidden":0,"_bbp_reply_count_hidden":0,"_bbp_forum_subforum_count":0,"footnotes":""},"categories":[5,1,29],"tags":[154],"class_list":["post-5269","post","type-post","status-publish","format-standard","hentry","category-eso-2","category-general","category-portada","tag-setmana-de-la-ciencia"],"post_mailing_queue_ids":[],"_links":{"self":[{"href":"https:\/\/agora.xtec.cat\/iesdelvoltreganes\/wp-json\/wp\/v2\/posts\/5269","targetHints":{"allow":["GET"]}}],"collection":[{"href":"https:\/\/agora.xtec.cat\/iesdelvoltreganes\/wp-json\/wp\/v2\/posts"}],"about":[{"href":"https:\/\/agora.xtec.cat\/iesdelvoltreganes\/wp-json\/wp\/v2\/types\/post"}],"author":[{"embeddable":true,"href":"https:\/\/agora.xtec.cat\/iesdelvoltreganes\/wp-json\/wp\/v2\/users\/6"}],"replies":[{"embeddable":true,"href":"https:\/\/agora.xtec.cat\/iesdelvoltreganes\/wp-json\/wp\/v2\/comments?post=5269"}],"version-history":[{"count":2,"href":"https:\/\/agora.xtec.cat\/iesdelvoltreganes\/wp-json\/wp\/v2\/posts\/5269\/revisions"}],"predecessor-version":[{"id":5279,"href":"https:\/\/agora.xtec.cat\/iesdelvoltreganes\/wp-json\/wp\/v2\/posts\/5269\/revisions\/5279"}],"wp:attachment":[{"href":"https:\/\/agora.xtec.cat\/iesdelvoltreganes\/wp-json\/wp\/v2\/media?parent=5269"}],"wp:term":[{"taxonomy":"category","embeddable":true,"href":"https:\/\/agora.xtec.cat\/iesdelvoltreganes\/wp-json\/wp\/v2\/categories?post=5269"},{"taxonomy":"post_tag","embeddable":true,"href":"https:\/\/agora.xtec.cat\/iesdelvoltreganes\/wp-json\/wp\/v2\/tags?post=5269"}],"curies":[{"name":"wp","href":"https:\/\/api.w.org\/{rel}","templated":true}]}}