{"id":5217,"date":"2021-11-16T11:08:02","date_gmt":"2021-11-16T10:08:02","guid":{"rendered":"https:\/\/agora.xtec.cat\/iesdelvoltreganes\/?p=5217"},"modified":"2021-11-16T11:19:46","modified_gmt":"2021-11-16T10:19:46","slug":"cloendes-dels-projectes-de-recerca-creacio-i-servei","status":"publish","type":"post","link":"https:\/\/agora.xtec.cat\/iesdelvoltreganes\/general\/cloendes-dels-projectes-de-recerca-creacio-i-servei\/","title":{"rendered":"Cloendes dels projectes de recerca, creaci\u00f3 i servei"},"content":{"rendered":"<p>Aquesta setmana tot l&#8217;alumnat de 4t d\u2019ESO ha presentat el projecte davant els altres centres que han realitzat el mateix projecte .<br \/>\nTots ells han demostrat un bon treball en equip i motivaci\u00f3 per resoldre els diferents reptes proposats per les entitats que participen #programaRCS #projectesRCS #compet\u00e8nciesglobals #innovaci\u00f3educativa.<br \/>\nFelicitats per la feina feta!<\/p>\n<p><a href=\"https:\/\/photos.app.goo.gl\/XkXGu5iSJYW23SFe6\">Edualter<\/a><\/p>\n<p><a href=\"https:\/\/photos.app.goo.gl\/DZWUtfeJisT84WkE9\" target=\"_blank\" rel=\"noopener\"><img loading=\"lazy\" decoding=\"async\" class=\"alignnone wp-image-5220 size-medium\" src=\"https:\/\/agora.xtec.cat\/iesdelvoltreganes\/wp-content\/uploads\/usu618\/2021\/11\/IMG_2538-300x225.jpeg\" alt=\"\" width=\"300\" height=\"225\" srcset=\"https:\/\/agora.xtec.cat\/iesdelvoltreganes\/wp-content\/uploads\/usu618\/2021\/11\/IMG_2538-300x225.jpeg 300w, https:\/\/agora.xtec.cat\/iesdelvoltreganes\/wp-content\/uploads\/usu618\/2021\/11\/IMG_2538-1024x768.jpeg 1024w, https:\/\/agora.xtec.cat\/iesdelvoltreganes\/wp-content\/uploads\/usu618\/2021\/11\/IMG_2538-768x576.jpeg 768w, https:\/\/agora.xtec.cat\/iesdelvoltreganes\/wp-content\/uploads\/usu618\/2021\/11\/IMG_2538-1536x1152.jpeg 1536w, https:\/\/agora.xtec.cat\/iesdelvoltreganes\/wp-content\/uploads\/usu618\/2021\/11\/IMG_2538-200x150.jpeg 200w, https:\/\/agora.xtec.cat\/iesdelvoltreganes\/wp-content\/uploads\/usu618\/2021\/11\/IMG_2538.jpeg 2016w\" sizes=\"auto, (max-width: 300px) 100vw, 300px\" \/><\/a> <a href=\"https:\/\/photos.app.goo.gl\/DZWUtfeJisT84WkE9\" target=\"_blank\" rel=\"noopener\"><img loading=\"lazy\" decoding=\"async\" class=\"alignnone wp-image-5218 size-medium\" src=\"https:\/\/agora.xtec.cat\/iesdelvoltreganes\/wp-content\/uploads\/usu618\/2021\/11\/IMG_1366-300x225.jpg\" alt=\"\" width=\"300\" height=\"225\" srcset=\"https:\/\/agora.xtec.cat\/iesdelvoltreganes\/wp-content\/uploads\/usu618\/2021\/11\/IMG_1366-300x225.jpg 300w, https:\/\/agora.xtec.cat\/iesdelvoltreganes\/wp-content\/uploads\/usu618\/2021\/11\/IMG_1366-1024x768.jpg 1024w, https:\/\/agora.xtec.cat\/iesdelvoltreganes\/wp-content\/uploads\/usu618\/2021\/11\/IMG_1366-768x576.jpg 768w, https:\/\/agora.xtec.cat\/iesdelvoltreganes\/wp-content\/uploads\/usu618\/2021\/11\/IMG_1366-1536x1152.jpg 1536w, https:\/\/agora.xtec.cat\/iesdelvoltreganes\/wp-content\/uploads\/usu618\/2021\/11\/IMG_1366-200x150.jpg 200w, https:\/\/agora.xtec.cat\/iesdelvoltreganes\/wp-content\/uploads\/usu618\/2021\/11\/IMG_1366.jpg 2016w\" sizes=\"auto, (max-width: 300px) 100vw, 300px\" \/><\/a><\/p>\n","protected":false},"excerpt":{"rendered":"<p>Aquesta setmana tot l&#8217;alumnat de 4t d\u2019ESO ha presentat el projecte davant els altres centres que han realitzat el mateix projecte .<br \/>\nTots ells han demostrat un bon treball en equip i motivaci\u00f3 per resoldre els diferents reptes proposats per les entitats que participen #programaRCS #projectesRCS&hellip;  <a href=\"https:\/\/agora.xtec.cat\/iesdelvoltreganes\/general\/cloendes-dels-projectes-de-recerca-creacio-i-servei\/\" title=\"Read Cloendes dels projectes de recerca, creaci\u00f3 i servei\">Llegeix m\u00e9s\u00bb<\/a><\/p>\n","protected":false},"author":6,"featured_media":0,"comment_status":"closed","ping_status":"closed","sticky":false,"template":"","format":"standard","meta":{"_bbp_topic_count":0,"_bbp_reply_count":0,"_bbp_total_topic_count":0,"_bbp_total_reply_count":0,"_bbp_voice_count":0,"_bbp_anonymous_reply_count":0,"_bbp_topic_count_hidden":0,"_bbp_reply_count_hidden":0,"_bbp_forum_subforum_count":0,"footnotes":""},"categories":[7,1,29],"tags":[],"class_list":["post-5217","post","type-post","status-publish","format-standard","hentry","category-eso-4","category-general","category-portada"],"post_mailing_queue_ids":[],"_links":{"self":[{"href":"https:\/\/agora.xtec.cat\/iesdelvoltreganes\/wp-json\/wp\/v2\/posts\/5217","targetHints":{"allow":["GET"]}}],"collection":[{"href":"https:\/\/agora.xtec.cat\/iesdelvoltreganes\/wp-json\/wp\/v2\/posts"}],"about":[{"href":"https:\/\/agora.xtec.cat\/iesdelvoltreganes\/wp-json\/wp\/v2\/types\/post"}],"author":[{"embeddable":true,"href":"https:\/\/agora.xtec.cat\/iesdelvoltreganes\/wp-json\/wp\/v2\/users\/6"}],"replies":[{"embeddable":true,"href":"https:\/\/agora.xtec.cat\/iesdelvoltreganes\/wp-json\/wp\/v2\/comments?post=5217"}],"version-history":[{"count":3,"href":"https:\/\/agora.xtec.cat\/iesdelvoltreganes\/wp-json\/wp\/v2\/posts\/5217\/revisions"}],"predecessor-version":[{"id":5229,"href":"https:\/\/agora.xtec.cat\/iesdelvoltreganes\/wp-json\/wp\/v2\/posts\/5217\/revisions\/5229"}],"wp:attachment":[{"href":"https:\/\/agora.xtec.cat\/iesdelvoltreganes\/wp-json\/wp\/v2\/media?parent=5217"}],"wp:term":[{"taxonomy":"category","embeddable":true,"href":"https:\/\/agora.xtec.cat\/iesdelvoltreganes\/wp-json\/wp\/v2\/categories?post=5217"},{"taxonomy":"post_tag","embeddable":true,"href":"https:\/\/agora.xtec.cat\/iesdelvoltreganes\/wp-json\/wp\/v2\/tags?post=5217"}],"curies":[{"name":"wp","href":"https:\/\/api.w.org\/{rel}","templated":true}]}}