{"id":5205,"date":"2021-11-05T13:26:17","date_gmt":"2021-11-05T12:26:17","guid":{"rendered":"https:\/\/agora.xtec.cat\/iesdelvoltreganes\/?p=5205"},"modified":"2021-11-05T13:28:13","modified_gmt":"2021-11-05T12:28:13","slug":"formacio-a-linstitut-de-bioenginyeria-de-catalunya","status":"publish","type":"post","link":"https:\/\/agora.xtec.cat\/iesdelvoltreganes\/general\/formacio-a-linstitut-de-bioenginyeria-de-catalunya\/","title":{"rendered":"Formaci\u00f3 a l&#8217;Institut de Bioenginyeria de Catalunya"},"content":{"rendered":"<p>El dia 2 vam fer una sessi\u00f3 de formaci\u00f3 a IBEC (Institut de Bioenginyeria de Catalunya) dins del programa recerca, creaci\u00f3 i servei que estem duent a terme a 4t ESO en l\u2019\u00e0mbit cientifictecnologic \u201cqualitat de l\u2019aire a les aules\u201d. Va ser molt interessant i una manera de compartir i fer xarxa amb la resta de centres participants en el programa.<\/p>\n<p><a href=\"https:\/\/agora.xtec.cat\/iesdelvoltreganes\/wp-content\/uploads\/usu618\/2021\/11\/c10fd83a-969b-492f-aef1-6b1363cd055f.jpg\"><img loading=\"lazy\" decoding=\"async\" class=\"alignnone wp-image-5206 size-thumbnail\" src=\"https:\/\/agora.xtec.cat\/iesdelvoltreganes\/wp-content\/uploads\/usu618\/2021\/11\/c10fd83a-969b-492f-aef1-6b1363cd055f-150x150.jpg\" alt=\"\" width=\"150\" height=\"150\" \/><\/a> <a href=\"https:\/\/agora.xtec.cat\/iesdelvoltreganes\/wp-content\/uploads\/usu618\/2021\/11\/IMG_1218.jpg\"><img loading=\"lazy\" decoding=\"async\" class=\"alignnone wp-image-5208 size-thumbnail\" src=\"https:\/\/agora.xtec.cat\/iesdelvoltreganes\/wp-content\/uploads\/usu618\/2021\/11\/IMG_1218-150x150.jpg\" alt=\"\" width=\"150\" height=\"150\" \/><\/a><a href=\"https:\/\/agora.xtec.cat\/iesdelvoltreganes\/wp-content\/uploads\/usu618\/2021\/11\/IMG_1212.jpg\"><img loading=\"lazy\" decoding=\"async\" class=\"alignnone wp-image-5207 size-thumbnail\" src=\"https:\/\/agora.xtec.cat\/iesdelvoltreganes\/wp-content\/uploads\/usu618\/2021\/11\/IMG_1212-150x150.jpg\" alt=\"\" width=\"150\" height=\"150\" \/><\/a><\/p>\n","protected":false},"excerpt":{"rendered":"<p>El dia 2 vam fer una sessi\u00f3 de formaci\u00f3 a IBEC (Institut de Bioenginyeria de Catalunya) dins del programa recerca, creaci\u00f3 i servei que estem duent a terme a 4t ESO en l\u2019\u00e0mbit cientifictecnologic \u201cqualitat de l\u2019aire a les aules\u201d. Va ser molt interessant i&hellip;  <a href=\"https:\/\/agora.xtec.cat\/iesdelvoltreganes\/general\/formacio-a-linstitut-de-bioenginyeria-de-catalunya\/\" title=\"Read Formaci\u00f3 a l&#8217;Institut de Bioenginyeria de Catalunya\">Llegeix m\u00e9s\u00bb<\/a><\/p>\n","protected":false},"author":6,"featured_media":0,"comment_status":"closed","ping_status":"closed","sticky":false,"template":"","format":"standard","meta":{"_bbp_topic_count":0,"_bbp_reply_count":0,"_bbp_total_topic_count":0,"_bbp_total_reply_count":0,"_bbp_voice_count":0,"_bbp_anonymous_reply_count":0,"_bbp_topic_count_hidden":0,"_bbp_reply_count_hidden":0,"_bbp_forum_subforum_count":0,"footnotes":""},"categories":[65,7,1,29,64],"tags":[],"class_list":["post-5205","post","type-post","status-publish","format-standard","hentry","category-ciencies-experimentals","category-eso-4","category-general","category-portada","category-tecnologia"],"post_mailing_queue_ids":[],"_links":{"self":[{"href":"https:\/\/agora.xtec.cat\/iesdelvoltreganes\/wp-json\/wp\/v2\/posts\/5205","targetHints":{"allow":["GET"]}}],"collection":[{"href":"https:\/\/agora.xtec.cat\/iesdelvoltreganes\/wp-json\/wp\/v2\/posts"}],"about":[{"href":"https:\/\/agora.xtec.cat\/iesdelvoltreganes\/wp-json\/wp\/v2\/types\/post"}],"author":[{"embeddable":true,"href":"https:\/\/agora.xtec.cat\/iesdelvoltreganes\/wp-json\/wp\/v2\/users\/6"}],"replies":[{"embeddable":true,"href":"https:\/\/agora.xtec.cat\/iesdelvoltreganes\/wp-json\/wp\/v2\/comments?post=5205"}],"version-history":[{"count":3,"href":"https:\/\/agora.xtec.cat\/iesdelvoltreganes\/wp-json\/wp\/v2\/posts\/5205\/revisions"}],"predecessor-version":[{"id":5212,"href":"https:\/\/agora.xtec.cat\/iesdelvoltreganes\/wp-json\/wp\/v2\/posts\/5205\/revisions\/5212"}],"wp:attachment":[{"href":"https:\/\/agora.xtec.cat\/iesdelvoltreganes\/wp-json\/wp\/v2\/media?parent=5205"}],"wp:term":[{"taxonomy":"category","embeddable":true,"href":"https:\/\/agora.xtec.cat\/iesdelvoltreganes\/wp-json\/wp\/v2\/categories?post=5205"},{"taxonomy":"post_tag","embeddable":true,"href":"https:\/\/agora.xtec.cat\/iesdelvoltreganes\/wp-json\/wp\/v2\/tags?post=5205"}],"curies":[{"name":"wp","href":"https:\/\/api.w.org\/{rel}","templated":true}]}}