{"id":5195,"date":"2021-11-04T10:33:28","date_gmt":"2021-11-04T09:33:28","guid":{"rendered":"https:\/\/agora.xtec.cat\/iesdelvoltreganes\/?p=5195"},"modified":"2021-11-23T09:40:25","modified_gmt":"2021-11-23T08:40:25","slug":"visita-a-la-colonia-borgonya-3","status":"publish","type":"post","link":"https:\/\/agora.xtec.cat\/iesdelvoltreganes\/general\/visita-a-la-colonia-borgonya-3\/","title":{"rendered":"Visita a la col\u00f2nia Borgony\u00e0"},"content":{"rendered":"<p><a href=\"https:\/\/photos.app.goo.gl\/4uziTbgNS5WsTMaeA\" target=\"_blank\" rel=\"noopener\"><img loading=\"lazy\" decoding=\"async\" class=\"alignnone wp-image-5196 size-medium\" src=\"https:\/\/agora.xtec.cat\/iesdelvoltreganes\/wp-content\/uploads\/usu618\/2021\/11\/6c620685-a3a3-4ea9-8f8e-1b26abc2c935-300x169.jpg\" alt=\"\" width=\"300\" height=\"169\" srcset=\"https:\/\/agora.xtec.cat\/iesdelvoltreganes\/wp-content\/uploads\/usu618\/2021\/11\/6c620685-a3a3-4ea9-8f8e-1b26abc2c935-300x169.jpg 300w, https:\/\/agora.xtec.cat\/iesdelvoltreganes\/wp-content\/uploads\/usu618\/2021\/11\/6c620685-a3a3-4ea9-8f8e-1b26abc2c935-1024x577.jpg 1024w, https:\/\/agora.xtec.cat\/iesdelvoltreganes\/wp-content\/uploads\/usu618\/2021\/11\/6c620685-a3a3-4ea9-8f8e-1b26abc2c935-768x432.jpg 768w, https:\/\/agora.xtec.cat\/iesdelvoltreganes\/wp-content\/uploads\/usu618\/2021\/11\/6c620685-a3a3-4ea9-8f8e-1b26abc2c935-1536x865.jpg 1536w, https:\/\/agora.xtec.cat\/iesdelvoltreganes\/wp-content\/uploads\/usu618\/2021\/11\/6c620685-a3a3-4ea9-8f8e-1b26abc2c935.jpg 1600w\" sizes=\"auto, (max-width: 300px) 100vw, 300px\" \/><\/a><\/p>\n<p>Com cada any,\u00a0 hem apropat a l&#8217;alumnat\u00a0 de quart d&#8217;ESO al m\u00f3n de la Revoluci\u00f3 Industrial a Catalunya.\u00a0 Aquesta vegada han visitat la Col\u00f2nia t\u00e8xtil de Borgony\u00e0. Aquesta activitat ha perm\u00e8s veure el conjunt d&#8217;instal\u00b7lacions que en formaven part, tant les fabrils com les d&#8217;equipaments (els habitatges, l&#8217;escola bressol, l&#8217;esgl\u00e9sia, l&#8217;economat, el camp de futbol&#8230;); com era la vida quotidiana dels treballadors i les seves fam\u00edlies i tamb\u00e9 ha perm\u00e8s remarcar la import\u00e0ncia del riu Ter per l&#8217;aprofitament de l&#8217;energia hidr\u00e0ulica.<\/p>\n","protected":false},"excerpt":{"rendered":"<p><a href=\"https:\/\/photos.app.goo.gl\/4uziTbgNS5WsTMaeA\" target=\"_blank\" rel=\"noopener\"><\/a><br \/>\nCom cada any,\u00a0 hem apropat a l&#8217;alumnat\u00a0 de quart d&#8217;ESO al m\u00f3n de la Revoluci\u00f3 Industrial a Catalunya.\u00a0 Aquesta vegada han visitat la Col\u00f2nia t\u00e8xtil de Borgony\u00e0. Aquesta activitat ha perm\u00e8s veure el conjunt d&#8217;instal\u00b7lacions que en formaven part, tant les fabrils&hellip;  <a href=\"https:\/\/agora.xtec.cat\/iesdelvoltreganes\/general\/visita-a-la-colonia-borgonya-3\/\" title=\"Read Visita a la col\u00f2nia Borgony\u00e0\">Llegeix m\u00e9s\u00bb<\/a><\/p>\n","protected":false},"author":6,"featured_media":0,"comment_status":"closed","ping_status":"closed","sticky":false,"template":"","format":"standard","meta":{"_bbp_topic_count":0,"_bbp_reply_count":0,"_bbp_total_topic_count":0,"_bbp_total_reply_count":0,"_bbp_voice_count":0,"_bbp_anonymous_reply_count":0,"_bbp_topic_count_hidden":0,"_bbp_reply_count_hidden":0,"_bbp_forum_subforum_count":0,"footnotes":""},"categories":[66,7,1,29,64],"tags":[],"class_list":["post-5195","post","type-post","status-publish","format-standard","hentry","category-ciencies-socials","category-eso-4","category-general","category-portada","category-tecnologia"],"post_mailing_queue_ids":[],"_links":{"self":[{"href":"https:\/\/agora.xtec.cat\/iesdelvoltreganes\/wp-json\/wp\/v2\/posts\/5195","targetHints":{"allow":["GET"]}}],"collection":[{"href":"https:\/\/agora.xtec.cat\/iesdelvoltreganes\/wp-json\/wp\/v2\/posts"}],"about":[{"href":"https:\/\/agora.xtec.cat\/iesdelvoltreganes\/wp-json\/wp\/v2\/types\/post"}],"author":[{"embeddable":true,"href":"https:\/\/agora.xtec.cat\/iesdelvoltreganes\/wp-json\/wp\/v2\/users\/6"}],"replies":[{"embeddable":true,"href":"https:\/\/agora.xtec.cat\/iesdelvoltreganes\/wp-json\/wp\/v2\/comments?post=5195"}],"version-history":[{"count":2,"href":"https:\/\/agora.xtec.cat\/iesdelvoltreganes\/wp-json\/wp\/v2\/posts\/5195\/revisions"}],"predecessor-version":[{"id":5284,"href":"https:\/\/agora.xtec.cat\/iesdelvoltreganes\/wp-json\/wp\/v2\/posts\/5195\/revisions\/5284"}],"wp:attachment":[{"href":"https:\/\/agora.xtec.cat\/iesdelvoltreganes\/wp-json\/wp\/v2\/media?parent=5195"}],"wp:term":[{"taxonomy":"category","embeddable":true,"href":"https:\/\/agora.xtec.cat\/iesdelvoltreganes\/wp-json\/wp\/v2\/categories?post=5195"},{"taxonomy":"post_tag","embeddable":true,"href":"https:\/\/agora.xtec.cat\/iesdelvoltreganes\/wp-json\/wp\/v2\/tags?post=5195"}],"curies":[{"name":"wp","href":"https:\/\/api.w.org\/{rel}","templated":true}]}}