{"id":5187,"date":"2021-11-02T10:30:13","date_gmt":"2021-11-02T09:30:13","guid":{"rendered":"https:\/\/agora.xtec.cat\/iesdelvoltreganes\/?p=5187"},"modified":"2021-11-11T16:29:11","modified_gmt":"2021-11-11T15:29:11","slug":"sortida-al-jaciment-prehistoric-de-la-draga-a-banyoles","status":"publish","type":"post","link":"https:\/\/agora.xtec.cat\/iesdelvoltreganes\/general\/sortida-al-jaciment-prehistoric-de-la-draga-a-banyoles\/","title":{"rendered":"Sortida al jaciment prehist\u00f2ric de la Draga a Banyoles"},"content":{"rendered":"<p>Dimarts 26 d&#8217;octubre els alumnes de 1r d&#8217;ESO van fer una sortida al jaciment prehist\u00f2ric de la Draga a Banyoles. Durant la sortida van poder veure com vivien els nostres avantpassats del Neol\u00edtic. Els alumnes van poder experimentar a trav\u00e9s de tallers com feien la farina, el foc, com ca\u00e7aven i com feien les eines.<br \/>\nUna sortida cultural, hist\u00f2rica i din\u00e0mica que els va entusiasmar!<\/p>\n<p><a href=\"https:\/\/photos.app.goo.gl\/9gVi1N3B15jhnVaS8\" target=\"_blank\" rel=\"noopener\"><img loading=\"lazy\" decoding=\"async\" class=\"alignnone wp-image-5214 size-medium\" src=\"https:\/\/agora.xtec.cat\/iesdelvoltreganes\/wp-content\/uploads\/usu618\/2021\/11\/20211026_113147-300x135.jpg\" alt=\"\" width=\"300\" height=\"135\" srcset=\"https:\/\/agora.xtec.cat\/iesdelvoltreganes\/wp-content\/uploads\/usu618\/2021\/11\/20211026_113147-300x135.jpg 300w, https:\/\/agora.xtec.cat\/iesdelvoltreganes\/wp-content\/uploads\/usu618\/2021\/11\/20211026_113147-1024x461.jpg 1024w, https:\/\/agora.xtec.cat\/iesdelvoltreganes\/wp-content\/uploads\/usu618\/2021\/11\/20211026_113147-768x346.jpg 768w, https:\/\/agora.xtec.cat\/iesdelvoltreganes\/wp-content\/uploads\/usu618\/2021\/11\/20211026_113147-1536x692.jpg 1536w, https:\/\/agora.xtec.cat\/iesdelvoltreganes\/wp-content\/uploads\/usu618\/2021\/11\/20211026_113147.jpg 2016w\" sizes=\"auto, (max-width: 300px) 100vw, 300px\" \/><\/a><\/p>\n<p>&nbsp;<\/p>\n","protected":false},"excerpt":{"rendered":"<p>Dimarts 26 d&#8217;octubre els alumnes de 1r d&#8217;ESO van fer una sortida al jaciment prehist\u00f2ric de la Draga a Banyoles. Durant la sortida van poder veure com vivien els nostres avantpassats del Neol\u00edtic. Els alumnes van poder experimentar a trav\u00e9s de tallers com feien la&hellip;  <a href=\"https:\/\/agora.xtec.cat\/iesdelvoltreganes\/general\/sortida-al-jaciment-prehistoric-de-la-draga-a-banyoles\/\" title=\"Read Sortida al jaciment prehist\u00f2ric de la Draga a Banyoles\">Llegeix m\u00e9s\u00bb<\/a><\/p>\n","protected":false},"author":6,"featured_media":0,"comment_status":"closed","ping_status":"closed","sticky":false,"template":"","format":"standard","meta":{"_bbp_topic_count":0,"_bbp_reply_count":0,"_bbp_total_topic_count":0,"_bbp_total_reply_count":0,"_bbp_voice_count":0,"_bbp_anonymous_reply_count":0,"_bbp_topic_count_hidden":0,"_bbp_reply_count_hidden":0,"_bbp_forum_subforum_count":0,"footnotes":""},"categories":[66,4,1,29],"tags":[],"class_list":["post-5187","post","type-post","status-publish","format-standard","hentry","category-ciencies-socials","category-eso-1","category-general","category-portada"],"post_mailing_queue_ids":[],"_links":{"self":[{"href":"https:\/\/agora.xtec.cat\/iesdelvoltreganes\/wp-json\/wp\/v2\/posts\/5187","targetHints":{"allow":["GET"]}}],"collection":[{"href":"https:\/\/agora.xtec.cat\/iesdelvoltreganes\/wp-json\/wp\/v2\/posts"}],"about":[{"href":"https:\/\/agora.xtec.cat\/iesdelvoltreganes\/wp-json\/wp\/v2\/types\/post"}],"author":[{"embeddable":true,"href":"https:\/\/agora.xtec.cat\/iesdelvoltreganes\/wp-json\/wp\/v2\/users\/6"}],"replies":[{"embeddable":true,"href":"https:\/\/agora.xtec.cat\/iesdelvoltreganes\/wp-json\/wp\/v2\/comments?post=5187"}],"version-history":[{"count":3,"href":"https:\/\/agora.xtec.cat\/iesdelvoltreganes\/wp-json\/wp\/v2\/posts\/5187\/revisions"}],"predecessor-version":[{"id":5216,"href":"https:\/\/agora.xtec.cat\/iesdelvoltreganes\/wp-json\/wp\/v2\/posts\/5187\/revisions\/5216"}],"wp:attachment":[{"href":"https:\/\/agora.xtec.cat\/iesdelvoltreganes\/wp-json\/wp\/v2\/media?parent=5187"}],"wp:term":[{"taxonomy":"category","embeddable":true,"href":"https:\/\/agora.xtec.cat\/iesdelvoltreganes\/wp-json\/wp\/v2\/categories?post=5187"},{"taxonomy":"post_tag","embeddable":true,"href":"https:\/\/agora.xtec.cat\/iesdelvoltreganes\/wp-json\/wp\/v2\/tags?post=5187"}],"curies":[{"name":"wp","href":"https:\/\/api.w.org\/{rel}","templated":true}]}}