{"id":5183,"date":"2021-10-23T19:51:13","date_gmt":"2021-10-23T17:51:13","guid":{"rendered":"https:\/\/agora.xtec.cat\/iesdelvoltreganes\/?p=5183"},"modified":"2021-10-23T19:51:13","modified_gmt":"2021-10-23T17:51:13","slug":"educacio-en-diversitat-i-igualtat","status":"publish","type":"post","link":"https:\/\/agora.xtec.cat\/iesdelvoltreganes\/general\/educacio-en-diversitat-i-igualtat\/","title":{"rendered":"Educaci\u00f3 en diversitat i igualtat"},"content":{"rendered":"<p>L&#8217;equip de professors del centre realitza una sessi\u00f3 de formaci\u00f3 en &#8220;Educaci\u00f3 en diversitat i igualtat&#8221; impartida per l&#8217;associaci\u00f3 Chrysallis amb l\u2019objectiu de tenir m\u00e9s recursos per atendre l&#8217;alumnat transg\u00e8nere.<\/p>\n<p><a href=\"https:\/\/agora.xtec.cat\/iesdelvoltreganes\/wp-content\/uploads\/usu618\/2021\/10\/cares-trans.png\"><img loading=\"lazy\" decoding=\"async\" class=\"alignnone size-medium wp-image-5184\" src=\"https:\/\/agora.xtec.cat\/iesdelvoltreganes\/wp-content\/uploads\/usu618\/2021\/10\/cares-trans-300x131.png\" alt=\"\" width=\"300\" height=\"131\" srcset=\"https:\/\/agora.xtec.cat\/iesdelvoltreganes\/wp-content\/uploads\/usu618\/2021\/10\/cares-trans-300x131.png 300w, https:\/\/agora.xtec.cat\/iesdelvoltreganes\/wp-content\/uploads\/usu618\/2021\/10\/cares-trans-768x335.png 768w, https:\/\/agora.xtec.cat\/iesdelvoltreganes\/wp-content\/uploads\/usu618\/2021\/10\/cares-trans.png 803w\" sizes=\"auto, (max-width: 300px) 100vw, 300px\" \/><\/a><\/p>\n<p><a href=\"https:\/\/agora.xtec.cat\/iesdelvoltreganes\/wp-content\/uploads\/usu618\/2021\/10\/cares-trans2.png\"><img loading=\"lazy\" decoding=\"async\" class=\"alignnone size-medium wp-image-5185\" src=\"https:\/\/agora.xtec.cat\/iesdelvoltreganes\/wp-content\/uploads\/usu618\/2021\/10\/cares-trans2-300x106.png\" alt=\"\" width=\"300\" height=\"106\" srcset=\"https:\/\/agora.xtec.cat\/iesdelvoltreganes\/wp-content\/uploads\/usu618\/2021\/10\/cares-trans2-300x106.png 300w, https:\/\/agora.xtec.cat\/iesdelvoltreganes\/wp-content\/uploads\/usu618\/2021\/10\/cares-trans2-768x271.png 768w, https:\/\/agora.xtec.cat\/iesdelvoltreganes\/wp-content\/uploads\/usu618\/2021\/10\/cares-trans2.png 989w\" sizes=\"auto, (max-width: 300px) 100vw, 300px\" \/><\/a><\/p>\n","protected":false},"excerpt":{"rendered":"<p>L&#8217;equip de professors del centre realitza una sessi\u00f3 de formaci\u00f3 en &#8220;Educaci\u00f3 en diversitat i igualtat&#8221; impartida per l&#8217;associaci\u00f3 Chrysallis amb l\u2019objectiu de tenir m\u00e9s recursos per atendre l&#8217;alumnat transg\u00e8nere.<br \/>\n<a href=\"https:\/\/agora.xtec.cat\/iesdelvoltreganes\/wp-content\/uploads\/usu618\/2021\/10\/cares-trans.png\"><\/a><br \/>\n<a href=\"https:\/\/agora.xtec.cat\/iesdelvoltreganes\/wp-content\/uploads\/usu618\/2021\/10\/cares-trans2.png\"><\/a><\/p>\n","protected":false},"author":6,"featured_media":0,"comment_status":"closed","ping_status":"closed","sticky":false,"template":"","format":"standard","meta":{"_bbp_topic_count":0,"_bbp_reply_count":0,"_bbp_total_topic_count":0,"_bbp_total_reply_count":0,"_bbp_voice_count":0,"_bbp_anonymous_reply_count":0,"_bbp_topic_count_hidden":0,"_bbp_reply_count_hidden":0,"_bbp_forum_subforum_count":0,"footnotes":""},"categories":[1,29],"tags":[],"class_list":["post-5183","post","type-post","status-publish","format-standard","hentry","category-general","category-portada"],"post_mailing_queue_ids":[],"_links":{"self":[{"href":"https:\/\/agora.xtec.cat\/iesdelvoltreganes\/wp-json\/wp\/v2\/posts\/5183","targetHints":{"allow":["GET"]}}],"collection":[{"href":"https:\/\/agora.xtec.cat\/iesdelvoltreganes\/wp-json\/wp\/v2\/posts"}],"about":[{"href":"https:\/\/agora.xtec.cat\/iesdelvoltreganes\/wp-json\/wp\/v2\/types\/post"}],"author":[{"embeddable":true,"href":"https:\/\/agora.xtec.cat\/iesdelvoltreganes\/wp-json\/wp\/v2\/users\/6"}],"replies":[{"embeddable":true,"href":"https:\/\/agora.xtec.cat\/iesdelvoltreganes\/wp-json\/wp\/v2\/comments?post=5183"}],"version-history":[{"count":1,"href":"https:\/\/agora.xtec.cat\/iesdelvoltreganes\/wp-json\/wp\/v2\/posts\/5183\/revisions"}],"predecessor-version":[{"id":5186,"href":"https:\/\/agora.xtec.cat\/iesdelvoltreganes\/wp-json\/wp\/v2\/posts\/5183\/revisions\/5186"}],"wp:attachment":[{"href":"https:\/\/agora.xtec.cat\/iesdelvoltreganes\/wp-json\/wp\/v2\/media?parent=5183"}],"wp:term":[{"taxonomy":"category","embeddable":true,"href":"https:\/\/agora.xtec.cat\/iesdelvoltreganes\/wp-json\/wp\/v2\/categories?post=5183"},{"taxonomy":"post_tag","embeddable":true,"href":"https:\/\/agora.xtec.cat\/iesdelvoltreganes\/wp-json\/wp\/v2\/tags?post=5183"}],"curies":[{"name":"wp","href":"https:\/\/api.w.org\/{rel}","templated":true}]}}