{"id":5170,"date":"2021-10-23T19:36:49","date_gmt":"2021-10-23T17:36:49","guid":{"rendered":"https:\/\/agora.xtec.cat\/iesdelvoltreganes\/?p=5170"},"modified":"2021-10-23T19:42:15","modified_gmt":"2021-10-23T17:42:15","slug":"mediterraneo","status":"publish","type":"post","link":"https:\/\/agora.xtec.cat\/iesdelvoltreganes\/general\/mediterraneo\/","title":{"rendered":"Mediterr\u00e1neo"},"content":{"rendered":"<p>Els alumnes de 4t d&#8217;ESO han anat al cine a veure la pel\u00b7l\u00edcula, Mediterraneo dins el marc de l&#8217;assignatura de Cultura i Valors, on es treballa la import\u00e0ncia de respectar i defensar els drets humans enfront de les desigualtats, les injust\u00edcies socials i el racisme.<\/p>\n<div><a href=\"https:\/\/agora.xtec.cat\/iesdelvoltreganes\/wp-content\/uploads\/usu618\/2021\/10\/07a33cd3-255f-4f10-89be-a3b06dab7be2.jpg\"><img loading=\"lazy\" decoding=\"async\" class=\"alignnone size-medium wp-image-5173\" src=\"https:\/\/agora.xtec.cat\/iesdelvoltreganes\/wp-content\/uploads\/usu618\/2021\/10\/07a33cd3-255f-4f10-89be-a3b06dab7be2-300x135.jpg\" alt=\"\" width=\"300\" height=\"135\" srcset=\"https:\/\/agora.xtec.cat\/iesdelvoltreganes\/wp-content\/uploads\/usu618\/2021\/10\/07a33cd3-255f-4f10-89be-a3b06dab7be2-300x135.jpg 300w, https:\/\/agora.xtec.cat\/iesdelvoltreganes\/wp-content\/uploads\/usu618\/2021\/10\/07a33cd3-255f-4f10-89be-a3b06dab7be2-1024x462.jpg 1024w, https:\/\/agora.xtec.cat\/iesdelvoltreganes\/wp-content\/uploads\/usu618\/2021\/10\/07a33cd3-255f-4f10-89be-a3b06dab7be2-768x346.jpg 768w, https:\/\/agora.xtec.cat\/iesdelvoltreganes\/wp-content\/uploads\/usu618\/2021\/10\/07a33cd3-255f-4f10-89be-a3b06dab7be2-1536x692.jpg 1536w, https:\/\/agora.xtec.cat\/iesdelvoltreganes\/wp-content\/uploads\/usu618\/2021\/10\/07a33cd3-255f-4f10-89be-a3b06dab7be2.jpg 2048w\" sizes=\"auto, (max-width: 300px) 100vw, 300px\" \/><\/a> <a href=\"https:\/\/agora.xtec.cat\/iesdelvoltreganes\/wp-content\/uploads\/usu618\/2021\/10\/c94b48d5-939a-4b88-9cdc-64f7aa0b1b24-1-e1635010929154.jpg\"><img loading=\"lazy\" decoding=\"async\" class=\"alignnone size-medium wp-image-5177\" src=\"https:\/\/agora.xtec.cat\/iesdelvoltreganes\/wp-content\/uploads\/usu618\/2021\/10\/c94b48d5-939a-4b88-9cdc-64f7aa0b1b24-1-e1635010929154-300x144.jpg\" alt=\"\" width=\"300\" height=\"144\" srcset=\"https:\/\/agora.xtec.cat\/iesdelvoltreganes\/wp-content\/uploads\/usu618\/2021\/10\/c94b48d5-939a-4b88-9cdc-64f7aa0b1b24-1-e1635010929154-300x144.jpg 300w, https:\/\/agora.xtec.cat\/iesdelvoltreganes\/wp-content\/uploads\/usu618\/2021\/10\/c94b48d5-939a-4b88-9cdc-64f7aa0b1b24-1-e1635010929154.jpg 732w\" sizes=\"auto, (max-width: 300px) 100vw, 300px\" \/><\/a><\/div>\n","protected":false},"excerpt":{"rendered":"<p>Els alumnes de 4t d&#8217;ESO han anat al cine a veure la pel\u00b7l\u00edcula, Mediterraneo dins el marc de l&#8217;assignatura de Cultura i Valors, on es treballa la import\u00e0ncia de respectar i defensar els drets humans enfront de les desigualtats, les injust\u00edcies socials i el racisme.<br \/>\n<a&hellip;  <a href=\"https:\/\/agora.xtec.cat\/iesdelvoltreganes\/general\/mediterraneo\/\" title=\"Read Mediterr\u00e1neo\">Llegeix m\u00e9s\u00bb<\/a><\/p>\n","protected":false},"author":6,"featured_media":0,"comment_status":"closed","ping_status":"closed","sticky":false,"template":"","format":"standard","meta":{"_bbp_topic_count":0,"_bbp_reply_count":0,"_bbp_total_topic_count":0,"_bbp_total_reply_count":0,"_bbp_voice_count":0,"_bbp_anonymous_reply_count":0,"_bbp_topic_count_hidden":0,"_bbp_reply_count_hidden":0,"_bbp_forum_subforum_count":0,"footnotes":""},"categories":[66,7,1,29],"tags":[],"class_list":["post-5170","post","type-post","status-publish","format-standard","hentry","category-ciencies-socials","category-eso-4","category-general","category-portada"],"post_mailing_queue_ids":[],"_links":{"self":[{"href":"https:\/\/agora.xtec.cat\/iesdelvoltreganes\/wp-json\/wp\/v2\/posts\/5170","targetHints":{"allow":["GET"]}}],"collection":[{"href":"https:\/\/agora.xtec.cat\/iesdelvoltreganes\/wp-json\/wp\/v2\/posts"}],"about":[{"href":"https:\/\/agora.xtec.cat\/iesdelvoltreganes\/wp-json\/wp\/v2\/types\/post"}],"author":[{"embeddable":true,"href":"https:\/\/agora.xtec.cat\/iesdelvoltreganes\/wp-json\/wp\/v2\/users\/6"}],"replies":[{"embeddable":true,"href":"https:\/\/agora.xtec.cat\/iesdelvoltreganes\/wp-json\/wp\/v2\/comments?post=5170"}],"version-history":[{"count":3,"href":"https:\/\/agora.xtec.cat\/iesdelvoltreganes\/wp-json\/wp\/v2\/posts\/5170\/revisions"}],"predecessor-version":[{"id":5178,"href":"https:\/\/agora.xtec.cat\/iesdelvoltreganes\/wp-json\/wp\/v2\/posts\/5170\/revisions\/5178"}],"wp:attachment":[{"href":"https:\/\/agora.xtec.cat\/iesdelvoltreganes\/wp-json\/wp\/v2\/media?parent=5170"}],"wp:term":[{"taxonomy":"category","embeddable":true,"href":"https:\/\/agora.xtec.cat\/iesdelvoltreganes\/wp-json\/wp\/v2\/categories?post=5170"},{"taxonomy":"post_tag","embeddable":true,"href":"https:\/\/agora.xtec.cat\/iesdelvoltreganes\/wp-json\/wp\/v2\/tags?post=5170"}],"curies":[{"name":"wp","href":"https:\/\/api.w.org\/{rel}","templated":true}]}}