{"id":5142,"date":"2021-09-25T13:03:07","date_gmt":"2021-09-25T11:03:07","guid":{"rendered":"https:\/\/agora.xtec.cat\/iesdelvoltreganes\/?p=5142"},"modified":"2021-09-25T13:04:48","modified_gmt":"2021-09-25T11:04:48","slug":"museu-de-les-matematiques-de-catalunya","status":"publish","type":"post","link":"https:\/\/agora.xtec.cat\/iesdelvoltreganes\/general\/museu-de-les-matematiques-de-catalunya\/","title":{"rendered":"Els alumnes de 4t d&#8217;ESO visiten el MMACA"},"content":{"rendered":"<p>Els alumnes de 4t d&#8217;ESO que formen part del projecte de recerca, creaci\u00f3 i servei &#8220;Prohibit no tocar&#8221; de l&#8217;\u00e0mbit cientificotecnol\u00f2gic ha visitat el Museu de les Matem\u00e0tiques de Catalunya.<br \/>\nEns ha rebut en Sergi Belmonte i ha traslladat a l\u2019alumnat la seva passi\u00f3 per les matem\u00e0tiques.<br \/>\n<a href=\"https:\/\/photos.app.goo.gl\/tUKxZq9cZ79DzTYs7\" target=\"_blank\" rel=\"noopener\"><img loading=\"lazy\" decoding=\"async\" class=\"alignnone wp-image-5143 size-medium\" src=\"https:\/\/agora.xtec.cat\/iesdelvoltreganes\/wp-content\/uploads\/usu618\/2021\/09\/IMG_0636-300x225.jpg\" alt=\"\" width=\"300\" height=\"225\" srcset=\"https:\/\/agora.xtec.cat\/iesdelvoltreganes\/wp-content\/uploads\/usu618\/2021\/09\/IMG_0636-300x225.jpg 300w, https:\/\/agora.xtec.cat\/iesdelvoltreganes\/wp-content\/uploads\/usu618\/2021\/09\/IMG_0636-1024x768.jpg 1024w, https:\/\/agora.xtec.cat\/iesdelvoltreganes\/wp-content\/uploads\/usu618\/2021\/09\/IMG_0636-768x576.jpg 768w, https:\/\/agora.xtec.cat\/iesdelvoltreganes\/wp-content\/uploads\/usu618\/2021\/09\/IMG_0636-1536x1152.jpg 1536w, https:\/\/agora.xtec.cat\/iesdelvoltreganes\/wp-content\/uploads\/usu618\/2021\/09\/IMG_0636-200x150.jpg 200w, https:\/\/agora.xtec.cat\/iesdelvoltreganes\/wp-content\/uploads\/usu618\/2021\/09\/IMG_0636.jpg 2016w\" sizes=\"auto, (max-width: 300px) 100vw, 300px\" \/><\/a><\/p>\n","protected":false},"excerpt":{"rendered":"<p>Els alumnes de 4t d&#8217;ESO que formen part del projecte de recerca, creaci\u00f3 i servei &#8220;Prohibit no tocar&#8221; de l&#8217;\u00e0mbit cientificotecnol\u00f2gic ha visitat el Museu de les Matem\u00e0tiques de Catalunya.<br \/>\nEns ha rebut en Sergi Belmonte i ha traslladat a l\u2019alumnat la seva passi\u00f3 per les&hellip;  <a href=\"https:\/\/agora.xtec.cat\/iesdelvoltreganes\/general\/museu-de-les-matematiques-de-catalunya\/\" title=\"Read Els alumnes de 4t d&#8217;ESO visiten el MMACA\">Llegeix m\u00e9s\u00bb<\/a><\/p>\n","protected":false},"author":6,"featured_media":0,"comment_status":"closed","ping_status":"closed","sticky":false,"template":"","format":"standard","meta":{"_bbp_topic_count":0,"_bbp_reply_count":0,"_bbp_total_topic_count":0,"_bbp_total_reply_count":0,"_bbp_voice_count":0,"_bbp_anonymous_reply_count":0,"_bbp_topic_count_hidden":0,"_bbp_reply_count_hidden":0,"_bbp_forum_subforum_count":0,"footnotes":""},"categories":[7,1,73,29],"tags":[],"class_list":["post-5142","post","type-post","status-publish","format-standard","hentry","category-eso-4","category-general","category-matematiques","category-portada"],"post_mailing_queue_ids":[],"_links":{"self":[{"href":"https:\/\/agora.xtec.cat\/iesdelvoltreganes\/wp-json\/wp\/v2\/posts\/5142","targetHints":{"allow":["GET"]}}],"collection":[{"href":"https:\/\/agora.xtec.cat\/iesdelvoltreganes\/wp-json\/wp\/v2\/posts"}],"about":[{"href":"https:\/\/agora.xtec.cat\/iesdelvoltreganes\/wp-json\/wp\/v2\/types\/post"}],"author":[{"embeddable":true,"href":"https:\/\/agora.xtec.cat\/iesdelvoltreganes\/wp-json\/wp\/v2\/users\/6"}],"replies":[{"embeddable":true,"href":"https:\/\/agora.xtec.cat\/iesdelvoltreganes\/wp-json\/wp\/v2\/comments?post=5142"}],"version-history":[{"count":2,"href":"https:\/\/agora.xtec.cat\/iesdelvoltreganes\/wp-json\/wp\/v2\/posts\/5142\/revisions"}],"predecessor-version":[{"id":5145,"href":"https:\/\/agora.xtec.cat\/iesdelvoltreganes\/wp-json\/wp\/v2\/posts\/5142\/revisions\/5145"}],"wp:attachment":[{"href":"https:\/\/agora.xtec.cat\/iesdelvoltreganes\/wp-json\/wp\/v2\/media?parent=5142"}],"wp:term":[{"taxonomy":"category","embeddable":true,"href":"https:\/\/agora.xtec.cat\/iesdelvoltreganes\/wp-json\/wp\/v2\/categories?post=5142"},{"taxonomy":"post_tag","embeddable":true,"href":"https:\/\/agora.xtec.cat\/iesdelvoltreganes\/wp-json\/wp\/v2\/tags?post=5142"}],"curies":[{"name":"wp","href":"https:\/\/api.w.org\/{rel}","templated":true}]}}