{"id":5043,"date":"2021-06-17T13:30:30","date_gmt":"2021-06-17T11:30:30","guid":{"rendered":"http:\/\/agora.xtec.cat\/iesdelvoltreganes\/?p=5043"},"modified":"2021-06-17T16:18:34","modified_gmt":"2021-06-17T14:18:34","slug":"tenim-la-paraula","status":"publish","type":"post","link":"https:\/\/agora.xtec.cat\/iesdelvoltreganes\/general\/tenim-la-paraula\/","title":{"rendered":"Tenim la paraula"},"content":{"rendered":"<p><a href=\"https:\/\/agora.xtec.cat\/iesdelvoltreganes\/wp-content\/uploads\/usu618\/2021\/06\/actualitat-553x553-tenim-la-paraula.jpg_1595044798.jpg\"><img loading=\"lazy\" decoding=\"async\" class=\"alignnone size-medium wp-image-5044\" src=\"https:\/\/agora.xtec.cat\/iesdelvoltreganes\/wp-content\/uploads\/usu618\/2021\/06\/actualitat-553x553-tenim-la-paraula.jpg_1595044798-300x300.jpg\" alt=\"\" width=\"300\" height=\"300\" srcset=\"https:\/\/agora.xtec.cat\/iesdelvoltreganes\/wp-content\/uploads\/usu618\/2021\/06\/actualitat-553x553-tenim-la-paraula.jpg_1595044798-300x300.jpg 300w, https:\/\/agora.xtec.cat\/iesdelvoltreganes\/wp-content\/uploads\/usu618\/2021\/06\/actualitat-553x553-tenim-la-paraula.jpg_1595044798-150x150.jpg 150w, https:\/\/agora.xtec.cat\/iesdelvoltreganes\/wp-content\/uploads\/usu618\/2021\/06\/actualitat-553x553-tenim-la-paraula.jpg_1595044798.jpg 538w\" sizes=\"auto, (max-width: 300px) 100vw, 300px\" \/><\/a><\/p>\n<p>Aquesta setmana s\u2019ha fet p\u00fablic el veredicte del concurs <em>Jo tinc la paraula<\/em>, organitzat pel Departament d\u2019Educaci\u00f3, i dos grups del nostre centre han quedat finalistes. S\u00f3n la Jana D, la Maroua E i en Guerau C de 2n ESO C; i la Paula S i la Cl\u00e0udia M de 1r de Batxillerat. De tots ells la youtuber i presentadora de l\u2019acte, Laura Grau, en va destacar que \u201cvocalitzen millor que ella\u201d.<br \/>\nEls felicitem per la gran tasca feta no nom\u00e9s d\u2019ells sin\u00f3 de tots els alumnes del centre que hi han participat.<\/p>\n","protected":false},"excerpt":{"rendered":"<p><a href=\"https:\/\/agora.xtec.cat\/iesdelvoltreganes\/wp-content\/uploads\/usu618\/2021\/06\/actualitat-553x553-tenim-la-paraula.jpg_1595044798.jpg\"><\/a><br \/>\nAquesta setmana s\u2019ha fet p\u00fablic el veredicte del concurs Jo tinc la paraula, organitzat pel Departament d\u2019Educaci\u00f3, i dos grups del nostre centre han quedat finalistes. S\u00f3n la Jana D, la Maroua E i en Guerau C de 2n ESO C; i la Paula&hellip;  <a href=\"https:\/\/agora.xtec.cat\/iesdelvoltreganes\/general\/tenim-la-paraula\/\" title=\"Read Tenim la paraula\">Llegeix m\u00e9s\u00bb<\/a><\/p>\n","protected":false},"author":6,"featured_media":0,"comment_status":"closed","ping_status":"closed","sticky":false,"template":"","format":"standard","meta":{"_bbp_topic_count":0,"_bbp_reply_count":0,"_bbp_total_topic_count":0,"_bbp_total_reply_count":0,"_bbp_voice_count":0,"_bbp_anonymous_reply_count":0,"_bbp_topic_count_hidden":0,"_bbp_reply_count_hidden":0,"_bbp_forum_subforum_count":0,"footnotes":""},"categories":[8,5,1,29],"tags":[43],"class_list":["post-5043","post","type-post","status-publish","format-standard","hentry","category-batxillerat","category-eso-2","category-general","category-portada","tag-expressio-oral"],"post_mailing_queue_ids":[],"_links":{"self":[{"href":"https:\/\/agora.xtec.cat\/iesdelvoltreganes\/wp-json\/wp\/v2\/posts\/5043","targetHints":{"allow":["GET"]}}],"collection":[{"href":"https:\/\/agora.xtec.cat\/iesdelvoltreganes\/wp-json\/wp\/v2\/posts"}],"about":[{"href":"https:\/\/agora.xtec.cat\/iesdelvoltreganes\/wp-json\/wp\/v2\/types\/post"}],"author":[{"embeddable":true,"href":"https:\/\/agora.xtec.cat\/iesdelvoltreganes\/wp-json\/wp\/v2\/users\/6"}],"replies":[{"embeddable":true,"href":"https:\/\/agora.xtec.cat\/iesdelvoltreganes\/wp-json\/wp\/v2\/comments?post=5043"}],"version-history":[{"count":2,"href":"https:\/\/agora.xtec.cat\/iesdelvoltreganes\/wp-json\/wp\/v2\/posts\/5043\/revisions"}],"predecessor-version":[{"id":5048,"href":"https:\/\/agora.xtec.cat\/iesdelvoltreganes\/wp-json\/wp\/v2\/posts\/5043\/revisions\/5048"}],"wp:attachment":[{"href":"https:\/\/agora.xtec.cat\/iesdelvoltreganes\/wp-json\/wp\/v2\/media?parent=5043"}],"wp:term":[{"taxonomy":"category","embeddable":true,"href":"https:\/\/agora.xtec.cat\/iesdelvoltreganes\/wp-json\/wp\/v2\/categories?post=5043"},{"taxonomy":"post_tag","embeddable":true,"href":"https:\/\/agora.xtec.cat\/iesdelvoltreganes\/wp-json\/wp\/v2\/tags?post=5043"}],"curies":[{"name":"wp","href":"https:\/\/api.w.org\/{rel}","templated":true}]}}