{"id":5039,"date":"2021-06-17T13:21:42","date_gmt":"2021-06-17T11:21:42","guid":{"rendered":"http:\/\/agora.xtec.cat\/iesdelvoltreganes\/?p=5039"},"modified":"2021-06-21T12:35:47","modified_gmt":"2021-06-21T10:35:47","slug":"treball-de-sintesi-de-3r-deso","status":"publish","type":"post","link":"https:\/\/agora.xtec.cat\/iesdelvoltreganes\/general\/treball-de-sintesi-de-3r-deso\/","title":{"rendered":"Treball de s\u00edntesi de 3r d&#8217;ESO"},"content":{"rendered":"<p>Avui els alumnes de 3r d&#8217;ESO han assistit a la xerrada de Cooperaci\u00f3 Osona Sahara i la d&#8217;Adfo. Volem agrair aquestes entitats per explicar-nos la feina que fan. Ha estat molt interessant.<\/p>\n<p>Tamb\u00e9 han anat a l&#8217;Ajuntament de les Masies de Voltreg\u00e0 per con\u00e8ixer les entitats del Voltragan\u00e8s i demanar tots els dubtes per poder crear la nostra entitat. Moltes gr\u00e0cies per atendre&#8217;ns.<\/p>\n<p><a href=\"https:\/\/photos.app.goo.gl\/D17NFcmuonDhrFmd9\" target=\"_blank\" rel=\"noopener noreferrer\"><img loading=\"lazy\" decoding=\"async\" class=\"alignnone wp-image-5040 size-medium\" src=\"https:\/\/agora.xtec.cat\/iesdelvoltreganes\/wp-content\/uploads\/usu618\/2021\/06\/20210617_103135-300x225.jpg\" alt=\"\" width=\"300\" height=\"225\" srcset=\"https:\/\/agora.xtec.cat\/iesdelvoltreganes\/wp-content\/uploads\/usu618\/2021\/06\/20210617_103135-300x225.jpg 300w, https:\/\/agora.xtec.cat\/iesdelvoltreganes\/wp-content\/uploads\/usu618\/2021\/06\/20210617_103135-768x576.jpg 768w, https:\/\/agora.xtec.cat\/iesdelvoltreganes\/wp-content\/uploads\/usu618\/2021\/06\/20210617_103135-1024x768.jpg 1024w, https:\/\/agora.xtec.cat\/iesdelvoltreganes\/wp-content\/uploads\/usu618\/2021\/06\/20210617_103135-200x150.jpg 200w\" sizes=\"auto, (max-width: 300px) 100vw, 300px\" \/><\/a><\/p>\n","protected":false},"excerpt":{"rendered":"<p>Avui els alumnes de 3r d&#8217;ESO han assistit a la xerrada de Cooperaci\u00f3 Osona Sahara i la d&#8217;Adfo. Volem agrair aquestes entitats per explicar-nos la feina que fan. Ha estat molt interessant.<br \/>\nTamb\u00e9 han anat a l&#8217;Ajuntament de les Masies de Voltreg\u00e0 per con\u00e8ixer les entitats&hellip;  <a href=\"https:\/\/agora.xtec.cat\/iesdelvoltreganes\/general\/treball-de-sintesi-de-3r-deso\/\" title=\"Read Treball de s\u00edntesi de 3r d&#8217;ESO\">Llegeix m\u00e9s\u00bb<\/a><\/p>\n","protected":false},"author":6,"featured_media":0,"comment_status":"closed","ping_status":"closed","sticky":false,"template":"","format":"standard","meta":{"_bbp_topic_count":0,"_bbp_reply_count":0,"_bbp_total_topic_count":0,"_bbp_total_reply_count":0,"_bbp_voice_count":0,"_bbp_anonymous_reply_count":0,"_bbp_topic_count_hidden":0,"_bbp_reply_count_hidden":0,"_bbp_forum_subforum_count":0,"footnotes":""},"categories":[6,1,29],"tags":[146],"class_list":["post-5039","post","type-post","status-publish","format-standard","hentry","category-eso-3","category-general","category-portada","tag-treball-de-sintesi"],"post_mailing_queue_ids":[],"_links":{"self":[{"href":"https:\/\/agora.xtec.cat\/iesdelvoltreganes\/wp-json\/wp\/v2\/posts\/5039","targetHints":{"allow":["GET"]}}],"collection":[{"href":"https:\/\/agora.xtec.cat\/iesdelvoltreganes\/wp-json\/wp\/v2\/posts"}],"about":[{"href":"https:\/\/agora.xtec.cat\/iesdelvoltreganes\/wp-json\/wp\/v2\/types\/post"}],"author":[{"embeddable":true,"href":"https:\/\/agora.xtec.cat\/iesdelvoltreganes\/wp-json\/wp\/v2\/users\/6"}],"replies":[{"embeddable":true,"href":"https:\/\/agora.xtec.cat\/iesdelvoltreganes\/wp-json\/wp\/v2\/comments?post=5039"}],"version-history":[{"count":3,"href":"https:\/\/agora.xtec.cat\/iesdelvoltreganes\/wp-json\/wp\/v2\/posts\/5039\/revisions"}],"predecessor-version":[{"id":5055,"href":"https:\/\/agora.xtec.cat\/iesdelvoltreganes\/wp-json\/wp\/v2\/posts\/5039\/revisions\/5055"}],"wp:attachment":[{"href":"https:\/\/agora.xtec.cat\/iesdelvoltreganes\/wp-json\/wp\/v2\/media?parent=5039"}],"wp:term":[{"taxonomy":"category","embeddable":true,"href":"https:\/\/agora.xtec.cat\/iesdelvoltreganes\/wp-json\/wp\/v2\/categories?post=5039"},{"taxonomy":"post_tag","embeddable":true,"href":"https:\/\/agora.xtec.cat\/iesdelvoltreganes\/wp-json\/wp\/v2\/tags?post=5039"}],"curies":[{"name":"wp","href":"https:\/\/api.w.org\/{rel}","templated":true}]}}