{"id":5006,"date":"2021-06-07T17:49:01","date_gmt":"2021-06-07T15:49:01","guid":{"rendered":"http:\/\/agora.xtec.cat\/iesdelvoltreganes\/?p=5006"},"modified":"2021-09-02T12:26:27","modified_gmt":"2021-09-02T10:26:27","slug":"educacio-secundaria-obligatoria-2021-2022","status":"publish","type":"post","link":"https:\/\/agora.xtec.cat\/iesdelvoltreganes\/general\/educacio-secundaria-obligatoria-2021-2022\/","title":{"rendered":"Educaci\u00f3 secund\u00e0ria obligat\u00f2ria 2021\/2022"},"content":{"rendered":"<p><a href=\"https:\/\/drive.google.com\/file\/d\/1rFhdJYlYyrSa53bin6k6HyPiE4NWS9zj\/view?usp=sharing\" target=\"_blank\" rel=\"noopener noreferrer\">Alumnes preinscrits al centre<\/a><\/p>\n<p><a href=\"https:\/\/drive.google.com\/file\/d\/1foIVmK_oukS-O4ZBgRJN_Lh5vpStxVDf\/view?usp=sharing\" target=\"_blank\" rel=\"noopener noreferrer\">Alumnes assignats al centre amb indicaci\u00f3 de la primera petici\u00f3 a 07\/06\/2021<\/a><\/p>\n<p><a href=\"https:\/\/drive.google.com\/file\/d\/16-w-cRXJIgCI6HriJ_wbmt9UBisIGNVG\/view?usp=sharing\" target=\"_blank\" rel=\"noopener noreferrer\">Publicaci\u00f3 de l&#8217;oferta definitiva de places<\/a><\/p>\n<p><a href=\"https:\/\/drive.google.com\/file\/d\/1NyEBPkNFzXqCU4fl_6Lbqi8SVcuZTkd2\/view?usp=sharing\" target=\"_blank\" rel=\"noopener noreferrer\">Publicaci\u00f3 de la llista d&#8217;espera del centre a 07\/06\/2021<\/a><\/p>\n","protected":false},"excerpt":{"rendered":"<p><a href=\"https:\/\/drive.google.com\/file\/d\/1rFhdJYlYyrSa53bin6k6HyPiE4NWS9zj\/view?usp=sharing\" target=\"_blank\" rel=\"noopener noreferrer\">Alumnes preinscrits al centre<\/a><br \/>\n<a href=\"https:\/\/drive.google.com\/file\/d\/1foIVmK_oukS-O4ZBgRJN_Lh5vpStxVDf\/view?usp=sharing\" target=\"_blank\" rel=\"noopener noreferrer\">Alumnes assignats al centre amb indicaci\u00f3 de la primera petici\u00f3 a 07\/06\/2021<\/a><br \/>\n<a href=\"https:\/\/drive.google.com\/file\/d\/16-w-cRXJIgCI6HriJ_wbmt9UBisIGNVG\/view?usp=sharing\" target=\"_blank\" rel=\"noopener noreferrer\">Publicaci\u00f3 de l&#8217;oferta definitiva de places<\/a><br \/>\n<a href=\"https:\/\/drive.google.com\/file\/d\/1NyEBPkNFzXqCU4fl_6Lbqi8SVcuZTkd2\/view?usp=sharing\" target=\"_blank\" rel=\"noopener noreferrer\">Publicaci\u00f3 de la llista d&#8217;espera del centre a 07\/06\/2021<\/a><\/p>\n","protected":false},"author":6,"featured_media":0,"comment_status":"closed","ping_status":"closed","sticky":false,"template":"","format":"standard","meta":{"_bbp_topic_count":0,"_bbp_reply_count":0,"_bbp_total_topic_count":0,"_bbp_total_reply_count":0,"_bbp_voice_count":0,"_bbp_anonymous_reply_count":0,"_bbp_topic_count_hidden":0,"_bbp_reply_count_hidden":0,"_bbp_forum_subforum_count":0,"footnotes":""},"categories":[1,29],"tags":[],"class_list":["post-5006","post","type-post","status-publish","format-standard","hentry","category-general","category-portada"],"post_mailing_queue_ids":[],"_links":{"self":[{"href":"https:\/\/agora.xtec.cat\/iesdelvoltreganes\/wp-json\/wp\/v2\/posts\/5006","targetHints":{"allow":["GET"]}}],"collection":[{"href":"https:\/\/agora.xtec.cat\/iesdelvoltreganes\/wp-json\/wp\/v2\/posts"}],"about":[{"href":"https:\/\/agora.xtec.cat\/iesdelvoltreganes\/wp-json\/wp\/v2\/types\/post"}],"author":[{"embeddable":true,"href":"https:\/\/agora.xtec.cat\/iesdelvoltreganes\/wp-json\/wp\/v2\/users\/6"}],"replies":[{"embeddable":true,"href":"https:\/\/agora.xtec.cat\/iesdelvoltreganes\/wp-json\/wp\/v2\/comments?post=5006"}],"version-history":[{"count":2,"href":"https:\/\/agora.xtec.cat\/iesdelvoltreganes\/wp-json\/wp\/v2\/posts\/5006\/revisions"}],"predecessor-version":[{"id":5008,"href":"https:\/\/agora.xtec.cat\/iesdelvoltreganes\/wp-json\/wp\/v2\/posts\/5006\/revisions\/5008"}],"wp:attachment":[{"href":"https:\/\/agora.xtec.cat\/iesdelvoltreganes\/wp-json\/wp\/v2\/media?parent=5006"}],"wp:term":[{"taxonomy":"category","embeddable":true,"href":"https:\/\/agora.xtec.cat\/iesdelvoltreganes\/wp-json\/wp\/v2\/categories?post=5006"},{"taxonomy":"post_tag","embeddable":true,"href":"https:\/\/agora.xtec.cat\/iesdelvoltreganes\/wp-json\/wp\/v2\/tags?post=5006"}],"curies":[{"name":"wp","href":"https:\/\/api.w.org\/{rel}","templated":true}]}}