{"id":4989,"date":"2021-06-01T13:41:23","date_gmt":"2021-06-01T11:41:23","guid":{"rendered":"http:\/\/agora.xtec.cat\/iesdelvoltreganes\/?p=4989"},"modified":"2021-06-11T15:22:47","modified_gmt":"2021-06-11T13:22:47","slug":"servei-comunitari","status":"publish","type":"post","link":"https:\/\/agora.xtec.cat\/iesdelvoltreganes\/general\/servei-comunitari\/","title":{"rendered":"Servei comunitari"},"content":{"rendered":"<p><a href=\"https:\/\/photos.app.goo.gl\/TQSXBKfQwyRD5UJ16\" target=\"_blank\" rel=\"noopener noreferrer\"><img loading=\"lazy\" decoding=\"async\" class=\"alignnone wp-image-4991 size-medium\" src=\"https:\/\/agora.xtec.cat\/iesdelvoltreganes\/wp-content\/uploads\/usu618\/2021\/06\/inCollage_20210601_113854325-300x300.jpg\" alt=\"\" width=\"300\" height=\"300\" srcset=\"https:\/\/agora.xtec.cat\/iesdelvoltreganes\/wp-content\/uploads\/usu618\/2021\/06\/inCollage_20210601_113854325-300x300.jpg 300w, https:\/\/agora.xtec.cat\/iesdelvoltreganes\/wp-content\/uploads\/usu618\/2021\/06\/inCollage_20210601_113854325-150x150.jpg 150w, https:\/\/agora.xtec.cat\/iesdelvoltreganes\/wp-content\/uploads\/usu618\/2021\/06\/inCollage_20210601_113854325-768x768.jpg 768w, https:\/\/agora.xtec.cat\/iesdelvoltreganes\/wp-content\/uploads\/usu618\/2021\/06\/inCollage_20210601_113854325.jpg 960w\" sizes=\"auto, (max-width: 300px) 100vw, 300px\" \/><\/a><\/p>\n<p>Els alumnes de 3r d&#8217;ESO van portar a terme aquest divendres la realitzaci\u00f3 del servei comunitari que consistia en fer una videotrucada amb els alumnes de sis\u00e8 de l&#8217;escola Voltreg\u00e0 i fer-los una xerrada sobre diferents temes que ells s&#8217;han estat formant com ara el ciberassetjament, el sexting, el grooming, la netiqueta i l&#8217;\u00fas segur de les xarxes socials. Tal i com es pot veure en les imatges haver-ho de fer a trav\u00e9s de videotrucada va ser tot un repte, per\u00f2 van preparar les xerrades amb un enfocament din\u00e0mic i participatiu on van anar interactuant amb els alumnes de sis\u00e8. Des de l&#8217;escola van valorar molt positivament tota la informaci\u00f3 rebuda i el format de les activitats.<br \/>\nVam aprofitar per recordar als alumnes de sis\u00e8 que l&#8217;any vinent faran primer d&#8217;ESO i que si mai tenen algun problema relacionat amb el tema poden demanar consell o ajuda als alumnes que els han fet la formaci\u00f3, que l&#8217;any vinent faran 4t i estaran encantats de poder-los ajudar. Aquest era l&#8217;objectiu \u00faltim del servei.<\/p>\n","protected":false},"excerpt":{"rendered":"<p><a href=\"https:\/\/photos.app.goo.gl\/TQSXBKfQwyRD5UJ16\" target=\"_blank\" rel=\"noopener noreferrer\"><\/a><br \/>\nEls alumnes de 3r d&#8217;ESO van portar a terme aquest divendres la realitzaci\u00f3 del servei comunitari que consistia en fer una videotrucada amb els alumnes de sis\u00e8 de l&#8217;escola Voltreg\u00e0 i fer-los una xerrada sobre diferents temes que ells s&#8217;han estat&hellip;  <a href=\"https:\/\/agora.xtec.cat\/iesdelvoltreganes\/general\/servei-comunitari\/\" title=\"Read Servei comunitari\">Llegeix m\u00e9s\u00bb<\/a><\/p>\n","protected":false},"author":6,"featured_media":0,"comment_status":"closed","ping_status":"closed","sticky":false,"template":"","format":"standard","meta":{"_bbp_topic_count":0,"_bbp_reply_count":0,"_bbp_total_topic_count":0,"_bbp_total_reply_count":0,"_bbp_voice_count":0,"_bbp_anonymous_reply_count":0,"_bbp_topic_count_hidden":0,"_bbp_reply_count_hidden":0,"_bbp_forum_subforum_count":0,"footnotes":""},"categories":[6,1,29],"tags":[],"class_list":["post-4989","post","type-post","status-publish","format-standard","hentry","category-eso-3","category-general","category-portada"],"post_mailing_queue_ids":[],"_links":{"self":[{"href":"https:\/\/agora.xtec.cat\/iesdelvoltreganes\/wp-json\/wp\/v2\/posts\/4989","targetHints":{"allow":["GET"]}}],"collection":[{"href":"https:\/\/agora.xtec.cat\/iesdelvoltreganes\/wp-json\/wp\/v2\/posts"}],"about":[{"href":"https:\/\/agora.xtec.cat\/iesdelvoltreganes\/wp-json\/wp\/v2\/types\/post"}],"author":[{"embeddable":true,"href":"https:\/\/agora.xtec.cat\/iesdelvoltreganes\/wp-json\/wp\/v2\/users\/6"}],"replies":[{"embeddable":true,"href":"https:\/\/agora.xtec.cat\/iesdelvoltreganes\/wp-json\/wp\/v2\/comments?post=4989"}],"version-history":[{"count":3,"href":"https:\/\/agora.xtec.cat\/iesdelvoltreganes\/wp-json\/wp\/v2\/posts\/4989\/revisions"}],"predecessor-version":[{"id":4994,"href":"https:\/\/agora.xtec.cat\/iesdelvoltreganes\/wp-json\/wp\/v2\/posts\/4989\/revisions\/4994"}],"wp:attachment":[{"href":"https:\/\/agora.xtec.cat\/iesdelvoltreganes\/wp-json\/wp\/v2\/media?parent=4989"}],"wp:term":[{"taxonomy":"category","embeddable":true,"href":"https:\/\/agora.xtec.cat\/iesdelvoltreganes\/wp-json\/wp\/v2\/categories?post=4989"},{"taxonomy":"post_tag","embeddable":true,"href":"https:\/\/agora.xtec.cat\/iesdelvoltreganes\/wp-json\/wp\/v2\/tags?post=4989"}],"curies":[{"name":"wp","href":"https:\/\/api.w.org\/{rel}","templated":true}]}}