{"id":4929,"date":"2021-04-27T18:51:06","date_gmt":"2021-04-27T16:51:06","guid":{"rendered":"http:\/\/agora.xtec.cat\/iesdelvoltreganes\/?p=4929"},"modified":"2021-04-27T18:52:01","modified_gmt":"2021-04-27T16:52:01","slug":"internet-de-tu-a-tu","status":"publish","type":"post","link":"https:\/\/agora.xtec.cat\/iesdelvoltreganes\/general\/internet-de-tu-a-tu\/","title":{"rendered":"Internet de tu a tu"},"content":{"rendered":"<p>Dilluns dia 26 els mossos d&#8217;esquadra han fet una xerrada a les tres classes de 3r. Aquesta xerrada s&#8217;engloba dins del servei comunitari que aquest any porten a terme els alumnes de 3r, anomenat INTERNET DE TU A TU i que consisteix en que els alumnes s&#8217;estan formant sobre els perills de les xarxes socials i la import\u00e0ncia d&#8217;aprendre a fer-ne un bon \u00fas, amb l&#8217;assessorament dels mossos d&#8217;esquadra. L&#8217;objectiu final \u00e9s poder transmetre aquests coneixements adquirits als alumnes de sis\u00e8 de les diferents escoles del municipi. La primera xerrada ha estat molt profitosa i sobretot els alumnes han quedat parats dels casos reals que els mossos els han explicat i els han fet reflexionar sobre la import\u00e0ncia d&#8217;actuar davant d&#8217;un problema tant present avui en dia en les vides dels joves.<br \/>\n<a href=\"https:\/\/agora.xtec.cat\/iesdelvoltreganes\/wp-content\/uploads\/usu618\/2021\/04\/IMG_20210426_080607.jpg\"><img loading=\"lazy\" decoding=\"async\" class=\"alignnone size-medium wp-image-4930\" src=\"https:\/\/agora.xtec.cat\/iesdelvoltreganes\/wp-content\/uploads\/usu618\/2021\/04\/IMG_20210426_080607-300x225.jpg\" alt=\"\" width=\"300\" height=\"225\" srcset=\"https:\/\/agora.xtec.cat\/iesdelvoltreganes\/wp-content\/uploads\/usu618\/2021\/04\/IMG_20210426_080607-300x225.jpg 300w, https:\/\/agora.xtec.cat\/iesdelvoltreganes\/wp-content\/uploads\/usu618\/2021\/04\/IMG_20210426_080607-768x577.jpg 768w, https:\/\/agora.xtec.cat\/iesdelvoltreganes\/wp-content\/uploads\/usu618\/2021\/04\/IMG_20210426_080607-1024x769.jpg 1024w, https:\/\/agora.xtec.cat\/iesdelvoltreganes\/wp-content\/uploads\/usu618\/2021\/04\/IMG_20210426_080607-200x150.jpg 200w\" sizes=\"auto, (max-width: 300px) 100vw, 300px\" \/><\/a><\/p>\n<p><a href=\"https:\/\/agora.xtec.cat\/iesdelvoltreganes\/wp-content\/uploads\/usu618\/2021\/04\/IMG_20210426_080830.jpg\"><img loading=\"lazy\" decoding=\"async\" class=\"alignnone size-medium wp-image-4931\" src=\"https:\/\/agora.xtec.cat\/iesdelvoltreganes\/wp-content\/uploads\/usu618\/2021\/04\/IMG_20210426_080830-300x225.jpg\" alt=\"\" width=\"300\" height=\"225\" srcset=\"https:\/\/agora.xtec.cat\/iesdelvoltreganes\/wp-content\/uploads\/usu618\/2021\/04\/IMG_20210426_080830-300x225.jpg 300w, https:\/\/agora.xtec.cat\/iesdelvoltreganes\/wp-content\/uploads\/usu618\/2021\/04\/IMG_20210426_080830-768x577.jpg 768w, https:\/\/agora.xtec.cat\/iesdelvoltreganes\/wp-content\/uploads\/usu618\/2021\/04\/IMG_20210426_080830-1024x769.jpg 1024w, https:\/\/agora.xtec.cat\/iesdelvoltreganes\/wp-content\/uploads\/usu618\/2021\/04\/IMG_20210426_080830-200x150.jpg 200w\" sizes=\"auto, (max-width: 300px) 100vw, 300px\" \/><\/a><\/p>\n","protected":false},"excerpt":{"rendered":"<p>Dilluns dia 26 els mossos d&#8217;esquadra han fet una xerrada a les tres classes de 3r. Aquesta xerrada s&#8217;engloba dins del servei comunitari que aquest any porten a terme els alumnes de 3r, anomenat INTERNET DE TU A TU i que consisteix en que els&hellip;  <a href=\"https:\/\/agora.xtec.cat\/iesdelvoltreganes\/general\/internet-de-tu-a-tu\/\" title=\"Read Internet de tu a tu\">Llegeix m\u00e9s\u00bb<\/a><\/p>\n","protected":false},"author":6,"featured_media":0,"comment_status":"closed","ping_status":"closed","sticky":false,"template":"","format":"standard","meta":{"_bbp_topic_count":0,"_bbp_reply_count":0,"_bbp_total_topic_count":0,"_bbp_total_reply_count":0,"_bbp_voice_count":0,"_bbp_anonymous_reply_count":0,"_bbp_topic_count_hidden":0,"_bbp_reply_count_hidden":0,"_bbp_forum_subforum_count":0,"footnotes":""},"categories":[6,1,29],"tags":[150],"class_list":["post-4929","post","type-post","status-publish","format-standard","hentry","category-eso-3","category-general","category-portada","tag-servei-comunitari"],"post_mailing_queue_ids":[],"_links":{"self":[{"href":"https:\/\/agora.xtec.cat\/iesdelvoltreganes\/wp-json\/wp\/v2\/posts\/4929","targetHints":{"allow":["GET"]}}],"collection":[{"href":"https:\/\/agora.xtec.cat\/iesdelvoltreganes\/wp-json\/wp\/v2\/posts"}],"about":[{"href":"https:\/\/agora.xtec.cat\/iesdelvoltreganes\/wp-json\/wp\/v2\/types\/post"}],"author":[{"embeddable":true,"href":"https:\/\/agora.xtec.cat\/iesdelvoltreganes\/wp-json\/wp\/v2\/users\/6"}],"replies":[{"embeddable":true,"href":"https:\/\/agora.xtec.cat\/iesdelvoltreganes\/wp-json\/wp\/v2\/comments?post=4929"}],"version-history":[{"count":1,"href":"https:\/\/agora.xtec.cat\/iesdelvoltreganes\/wp-json\/wp\/v2\/posts\/4929\/revisions"}],"predecessor-version":[{"id":4932,"href":"https:\/\/agora.xtec.cat\/iesdelvoltreganes\/wp-json\/wp\/v2\/posts\/4929\/revisions\/4932"}],"wp:attachment":[{"href":"https:\/\/agora.xtec.cat\/iesdelvoltreganes\/wp-json\/wp\/v2\/media?parent=4929"}],"wp:term":[{"taxonomy":"category","embeddable":true,"href":"https:\/\/agora.xtec.cat\/iesdelvoltreganes\/wp-json\/wp\/v2\/categories?post=4929"},{"taxonomy":"post_tag","embeddable":true,"href":"https:\/\/agora.xtec.cat\/iesdelvoltreganes\/wp-json\/wp\/v2\/tags?post=4929"}],"curies":[{"name":"wp","href":"https:\/\/api.w.org\/{rel}","templated":true}]}}