{"id":4909,"date":"2021-04-14T18:23:24","date_gmt":"2021-04-14T16:23:24","guid":{"rendered":"http:\/\/agora.xtec.cat\/iesdelvoltreganes\/?p=4909"},"modified":"2021-06-08T22:38:50","modified_gmt":"2021-06-08T20:38:50","slug":"preinscripcio-batxillerat","status":"publish","type":"post","link":"https:\/\/agora.xtec.cat\/iesdelvoltreganes\/general\/preinscripcio-batxillerat\/","title":{"rendered":"Preinscripci\u00f3 batxillerat"},"content":{"rendered":"<h4><a href=\"https:\/\/agora.xtec.cat\/iesdelvoltreganes\/wp-content\/uploads\/usu618\/2021\/04\/Cartell-JPO-21-BATX.jpg\" target=\"_blank\" rel=\"noopener noreferrer\"><img loading=\"lazy\" decoding=\"async\" class=\"alignnone wp-image-4916\" src=\"https:\/\/agora.xtec.cat\/iesdelvoltreganes\/wp-content\/uploads\/usu618\/2021\/04\/Cartell-JPO-21-BATX-212x300.jpg\" alt=\"\" width=\"283\" height=\"400\" srcset=\"https:\/\/agora.xtec.cat\/iesdelvoltreganes\/wp-content\/uploads\/usu618\/2021\/04\/Cartell-JPO-21-BATX-212x300.jpg 212w, https:\/\/agora.xtec.cat\/iesdelvoltreganes\/wp-content\/uploads\/usu618\/2021\/04\/Cartell-JPO-21-BATX-768x1087.jpg 768w, https:\/\/agora.xtec.cat\/iesdelvoltreganes\/wp-content\/uploads\/usu618\/2021\/04\/Cartell-JPO-21-BATX-724x1024.jpg 724w, https:\/\/agora.xtec.cat\/iesdelvoltreganes\/wp-content\/uploads\/usu618\/2021\/04\/Cartell-JPO-21-BATX.jpg 1753w\" sizes=\"auto, (max-width: 283px) 100vw, 283px\" \/><\/a><\/h4>\n<h4><span style=\"color: #33cccc;\">De l&#8217;11 al 17 de maig, nom\u00e9s per als alumnes que no s\u00f3n del centre.<\/span><\/h4>\n<p><span style=\"color: #000000;\">Per accedir al link de la reuni\u00f3 poseu-vos en contacte amb l&#8217;institut trucant al 938572672<\/span><\/p>\n<p><span style=\"color: #000000;\">Podeu demanar cita pr\u00e8via per visitar les instal\u00b7lacions l&#8217;institut trucant al 938572672<\/span><\/p>\n<p><a href=\"https:\/\/drive.google.com\/file\/d\/1qFIZx9wntNbOWHv_tUtV2dwDm7rGjsAN\/view?usp=sharing\">Oferta de batxillerat<\/a><\/p>\n<h4><a href=\"https:\/\/drive.google.com\/file\/d\/1k8PehA3N0oTUr5M5zgW-EGeFbZgh_JpT\/view?usp=sharing\" target=\"_blank\" rel=\"noopener noreferrer\"><span style=\"color: #33cccc;\">Calendari de preinscripci\u00f3 2021-2022<\/span><\/a><\/h4>\n<h4><span style=\"color: #33cccc;\">PREINSCRIPCI\u00d3 i MATR\u00cdCULA 2021-2022 nom\u00e9s per als alumnes que no s\u00f3n del centre<\/span><\/h4>\n<p><a href=\"https:\/\/agora.xtec.cat\/iesdelvoltreganes\/\">https:\/\/agora.xtec.cat\/iesdelvoltreganes\/<\/a><\/p>\n<div><a href=\"http:\/\/queestudiar.gencat.cat\/ca\/preinscripcio\/estudis\/\">http:\/\/queestudiar.gencat.cat\/ca\/preinscripcio\/estudis\/<\/a><\/div>\n<div><\/div>\n<div>\n<h4><span style=\"color: #33cccc;\">Presentaci\u00f3 de sol\u00b7licituds: de l\u201911 al 17 de maig<\/span><\/h4>\n<p>Els tr\u00e0mits es fan de manera telem\u00e0tica, cal escanejar o fotografiar tots els documents demanats per ambdues cares i tenir-los disponibles en el dispositiu que utilitzareu per emplenar el formulari de preinscripci\u00f3.<br \/>\nSol\u00b7licitud electr\u00f2nica<br \/>\nCertificat digital d\u2019identificaci\u00f3: DNI electr\u00f2nic, Cl@ve, certificat CATCert, la T-CAT, GICAR, idCat M\u00f2bil <a href=\"https:\/\/idcatmobil.seu.cat\/\">https:\/\/idcatmobil.seu.cat\/<\/a><br \/>\n\u25cf N\u00famero d\u2019identificaci\u00f3 de l\u2019alumne (RALC), el tenen tots els alumnes matriculats a Catalunya a partir 2015-2016..<br \/>\n\u25cf Omplir les dades personals.<br \/>\n\u25cf Indicar el llistat de centres. Codi institut del Voltregan\u00e8s 08060976<br \/>\n\u25cf Especificar les circumst\u00e0ncies especials (si teniu germans al centre, NEE,..)<br \/>\n\u25cf Adjuntar els documents que es requereixin.<br \/>\nEn cas de no poder identificar-se electr\u00f2nicament es pot fer la sol\u00b7licitud en suport inform\u00e0tic i adjuntar la documentaci\u00f3 identificativa: llibre de fam\u00edlia, DNI\/NIE\/passaport del pare\/mare\/tutor, DNI de l\u2019alumne\/a.<br \/>\nEnviar la sol\u00b7licitud per internet.<br \/>\nEs rebr\u00e0 un resguard per correu electr\u00f2nic. No cal presentar la preinscripci\u00f3 al centre.<br \/>\nPresentaci\u00f3 de documentaci\u00f3 fins al 18 de maig<br \/>\nLlista d&#8217;alumnes admesos i llista d&#8217;espera 9 de juliol<\/p>\n<h4><span style=\"color: #33cccc;\">Matr\u00edcula: del 12 al 16 de juliol<\/span><\/h4>\n<p>On podeu exposar els vostres dubtes? Per correu electr\u00f2nic a8060976@xtec.cat o truqueu al 938572672<\/p>\n<\/div>\n<div><a href=\"https:\/\/preinscripcio.gencat.cat\/ca\/inici\" target=\"_blank\" rel=\"noopener noreferrer\" data-saferedirecturl=\"https:\/\/www.google.com\/url?q=https:\/\/preinscripcio.gencat.cat\/ca\/inici&amp;source=gmail&amp;ust=1618503609130000&amp;usg=AFQjCNF-_x7B6IPO1kKAHvRWHVFg5KIEIg\">https:\/\/preinscripcio.gencat.<wbr \/>cat\/ca\/inici<\/a><\/div>\n<div>\n<div><\/div>\n<div><a href=\"https:\/\/triaeducativa.gencat.cat\/ca\/inici\/\" target=\"_blank\" rel=\"noopener noreferrer\" data-saferedirecturl=\"https:\/\/www.google.com\/url?q=https:\/\/triaeducativa.gencat.cat\/ca\/inici\/&amp;source=gmail&amp;ust=1618503609130000&amp;usg=AFQjCNEceX0ENpPt8HTfXbG3ZFBgpD04Bw\">Qu\u00e8 puc estudiar<\/a><\/div>\n<div><\/div>\n<\/div>\n","protected":false},"excerpt":{"rendered":"<p><a href=\"https:\/\/agora.xtec.cat\/iesdelvoltreganes\/wp-content\/uploads\/usu618\/2021\/04\/Cartell-JPO-21-BATX.jpg\" target=\"_blank\" rel=\"noopener noreferrer\"><\/a><br \/>\nDe l&#8217;11 al 17 de maig, nom\u00e9s per als alumnes que no s\u00f3n del centre.<br \/>\nPer accedir al link de la reuni\u00f3 poseu-vos en contacte amb l&#8217;institut trucant al 938572672<br \/>\nPodeu demanar cita pr\u00e8via per visitar les instal\u00b7lacions l&#8217;institut trucant al 938572672<br \/>\n<a href=\"https:\/\/drive.google.com\/file\/d\/1qFIZx9wntNbOWHv_tUtV2dwDm7rGjsAN\/view?usp=sharing\">Oferta&hellip;  <a href=\"https:\/\/agora.xtec.cat\/iesdelvoltreganes\/general\/preinscripcio-batxillerat\/\" title=\"Read Preinscripci\u00f3 batxillerat\">Llegeix m\u00e9s\u00bb<\/a><\/p>\n","protected":false},"author":6,"featured_media":0,"comment_status":"closed","ping_status":"closed","sticky":false,"template":"","format":"standard","meta":{"_bbp_topic_count":0,"_bbp_reply_count":0,"_bbp_total_topic_count":0,"_bbp_total_reply_count":0,"_bbp_voice_count":0,"_bbp_anonymous_reply_count":0,"_bbp_topic_count_hidden":0,"_bbp_reply_count_hidden":0,"_bbp_forum_subforum_count":0,"footnotes":""},"categories":[1,29],"tags":[],"class_list":["post-4909","post","type-post","status-publish","format-standard","hentry","category-general","category-portada"],"post_mailing_queue_ids":[],"_links":{"self":[{"href":"https:\/\/agora.xtec.cat\/iesdelvoltreganes\/wp-json\/wp\/v2\/posts\/4909","targetHints":{"allow":["GET"]}}],"collection":[{"href":"https:\/\/agora.xtec.cat\/iesdelvoltreganes\/wp-json\/wp\/v2\/posts"}],"about":[{"href":"https:\/\/agora.xtec.cat\/iesdelvoltreganes\/wp-json\/wp\/v2\/types\/post"}],"author":[{"embeddable":true,"href":"https:\/\/agora.xtec.cat\/iesdelvoltreganes\/wp-json\/wp\/v2\/users\/6"}],"replies":[{"embeddable":true,"href":"https:\/\/agora.xtec.cat\/iesdelvoltreganes\/wp-json\/wp\/v2\/comments?post=4909"}],"version-history":[{"count":4,"href":"https:\/\/agora.xtec.cat\/iesdelvoltreganes\/wp-json\/wp\/v2\/posts\/4909\/revisions"}],"predecessor-version":[{"id":4959,"href":"https:\/\/agora.xtec.cat\/iesdelvoltreganes\/wp-json\/wp\/v2\/posts\/4909\/revisions\/4959"}],"wp:attachment":[{"href":"https:\/\/agora.xtec.cat\/iesdelvoltreganes\/wp-json\/wp\/v2\/media?parent=4909"}],"wp:term":[{"taxonomy":"category","embeddable":true,"href":"https:\/\/agora.xtec.cat\/iesdelvoltreganes\/wp-json\/wp\/v2\/categories?post=4909"},{"taxonomy":"post_tag","embeddable":true,"href":"https:\/\/agora.xtec.cat\/iesdelvoltreganes\/wp-json\/wp\/v2\/tags?post=4909"}],"curies":[{"name":"wp","href":"https:\/\/api.w.org\/{rel}","templated":true}]}}