{"id":4846,"date":"2021-03-08T20:38:08","date_gmt":"2021-03-08T19:38:08","guid":{"rendered":"http:\/\/agora.xtec.cat\/iesdelvoltreganes\/?p=4846"},"modified":"2021-03-08T20:38:08","modified_gmt":"2021-03-08T19:38:08","slug":"el-dia-de-la-dona-al-nostre-institut","status":"publish","type":"post","link":"https:\/\/agora.xtec.cat\/iesdelvoltreganes\/general\/el-dia-de-la-dona-al-nostre-institut\/","title":{"rendered":"El dia de la dona al nostre institut"},"content":{"rendered":"<p>Com cada any, des de l\u2019\u00c0rea de les Ci\u00e8ncies Socials es fomenta la reflexi\u00f3 i el debat sobre la situaci\u00f3 de la dona i els motius que provoquen les reivindicacions que es porten a terme en diades com la d\u2019avui dia 8 de mar\u00e7. Aquest curs, i a causa de la pand\u00e8mia, ho farem durant la setmana per tal de poder respectar els grups bombolla. Tots els nivells educatius ho treballaran o a partir de la lectura de textos literaris i period\u00edstics o a partir del visionat i comentari de films basats en fets hist\u00f2rics reals que han estat important\u00edssims per a la millora de la condici\u00f3 femenina. En el cas de segon de batxillerat s\u2019aprofitar\u00e0 per analitzar l\u2019entrada en vigor el proper 14 d\u2019abril del Real Decreto 902\/2020, de 13 d\u2019octubre, que fa refer\u00e8ncia a la igualtat retributiva entre dones i homes.<\/p>\n","protected":false},"excerpt":{"rendered":"<p>Com cada any, des de l\u2019\u00c0rea de les Ci\u00e8ncies Socials es fomenta la reflexi\u00f3 i el debat sobre la situaci\u00f3 de la dona i els motius que provoquen les reivindicacions que es porten a terme en diades com la d\u2019avui dia 8 de mar\u00e7. Aquest&hellip;  <a href=\"https:\/\/agora.xtec.cat\/iesdelvoltreganes\/general\/el-dia-de-la-dona-al-nostre-institut\/\" title=\"Read El dia de la dona al nostre institut\">Llegeix m\u00e9s\u00bb<\/a><\/p>\n","protected":false},"author":6,"featured_media":0,"comment_status":"closed","ping_status":"closed","sticky":false,"template":"","format":"standard","meta":{"_bbp_topic_count":0,"_bbp_reply_count":0,"_bbp_total_topic_count":0,"_bbp_total_reply_count":0,"_bbp_voice_count":0,"_bbp_anonymous_reply_count":0,"_bbp_topic_count_hidden":0,"_bbp_reply_count_hidden":0,"_bbp_forum_subforum_count":0,"footnotes":""},"categories":[66,1,29],"tags":[],"class_list":["post-4846","post","type-post","status-publish","format-standard","hentry","category-ciencies-socials","category-general","category-portada"],"post_mailing_queue_ids":[],"_links":{"self":[{"href":"https:\/\/agora.xtec.cat\/iesdelvoltreganes\/wp-json\/wp\/v2\/posts\/4846","targetHints":{"allow":["GET"]}}],"collection":[{"href":"https:\/\/agora.xtec.cat\/iesdelvoltreganes\/wp-json\/wp\/v2\/posts"}],"about":[{"href":"https:\/\/agora.xtec.cat\/iesdelvoltreganes\/wp-json\/wp\/v2\/types\/post"}],"author":[{"embeddable":true,"href":"https:\/\/agora.xtec.cat\/iesdelvoltreganes\/wp-json\/wp\/v2\/users\/6"}],"replies":[{"embeddable":true,"href":"https:\/\/agora.xtec.cat\/iesdelvoltreganes\/wp-json\/wp\/v2\/comments?post=4846"}],"version-history":[{"count":1,"href":"https:\/\/agora.xtec.cat\/iesdelvoltreganes\/wp-json\/wp\/v2\/posts\/4846\/revisions"}],"predecessor-version":[{"id":4847,"href":"https:\/\/agora.xtec.cat\/iesdelvoltreganes\/wp-json\/wp\/v2\/posts\/4846\/revisions\/4847"}],"wp:attachment":[{"href":"https:\/\/agora.xtec.cat\/iesdelvoltreganes\/wp-json\/wp\/v2\/media?parent=4846"}],"wp:term":[{"taxonomy":"category","embeddable":true,"href":"https:\/\/agora.xtec.cat\/iesdelvoltreganes\/wp-json\/wp\/v2\/categories?post=4846"},{"taxonomy":"post_tag","embeddable":true,"href":"https:\/\/agora.xtec.cat\/iesdelvoltreganes\/wp-json\/wp\/v2\/tags?post=4846"}],"curies":[{"name":"wp","href":"https:\/\/api.w.org\/{rel}","templated":true}]}}